{"id":73,"date":"2019-05-31T15:44:00","date_gmt":"2019-05-31T13:44:00","guid":{"rendered":"https:\/\/sites.cemea.org\/tssm\/?p=73"},"modified":"2020-02-03T16:58:47","modified_gmt":"2020-02-03T15:58:47","slug":"les-cemea-et-la-sante-mentale","status":"publish","type":"post","link":"https:\/\/sites.cemea.org\/tssm\/2019\/05\/31\/les-cemea-et-la-sante-mentale\/","title":{"rendered":"Les Cem\u00e9a et la sant\u00e9 mentale;, extraits choisis!"},"content":{"rendered":"\n<p>Les Cem\u00e9a sont engag\u00e9s depuis le milieu des ann\u00e9es 40 dans le champ de la psychiatrie. \u00c0 la sortie de la guerre, la situation des h\u00f4pitaux psychiatriques et d\u00e9sastreuse. Des milliers de morts sont \u00e0 d\u00e9plorer. M\u00e9decins et infirmier.e.s veulent agir autrement et repenser l&rsquo;h\u00f4pital. Les tenants de la psychoth\u00e9rapie institutionnelle ( notamment Tosquelles, Bonnaf\u00e9, Oury), d\u00e9fendent qu&rsquo;il faut avant tout \u00ab\u00a0soigner l&rsquo;h\u00f4pital\u00a0\u00bb, pour soigner les patient.e.s.<\/p>\n\n\n\n<p>Les Cem\u00e9a sont appel\u00e9s pour participer \u00e0 la formation des infirmi\u00e8res, en s&rsquo;appuyant sur l&rsquo;activit\u00e9, les questions relatives \u00e0 l&rsquo;accueil, la vie quotidienne, etc.<\/p>\n\n\n\n<p>Depuis lors, contre vents et mar\u00e9e et souvent dans un contexte difficile pour les patient.e.s et les soignant.e.s, nous soutenons une psychiatrie humaine, au c\u00f4t\u00e9 de compagnons de route des Cem\u00e9a comme Pierre Delion ou de collectifs tels que le \u00ab\u00a0collectif des 39\u00a0\u00bb ou le \u00ab\u00a0printemps de la psychiatrie\u00a0\u00bb.<\/p>\n\n\n\n<p>Vous pouvez retrouver ici, quelques extraits d&rsquo;\u00e9missions, en lien avec cette th\u00e9matique<\/p>\n\n\n\n<figure class=\"wp-block-audio\"><audio controls src=\"https:\/\/sites.cemea.org\/tssm\/wp-content\/uploads\/sites\/7\/2019\/05\/dialogue-gigou-devoge.mp3\"><\/audio><figcaption>un extrait de l&rsquo;\u00e9mission avec Yves Gigou<\/figcaption><\/figure>\n\n\n\n<figure class=\"wp-block-audio\"><audio controls src=\"https:\/\/sites.cemea.org\/tssm\/wp-content\/uploads\/sites\/7\/2020\/02\/extrait_webradio_0619_santementale.mp3\"><\/audio><figcaption>extrait de l&rsquo;\u00e9mission du 15 juin 19<\/figcaption><\/figure>\n\n\n\n<figure class=\"wp-block-audio\"><audio controls src=\"https:\/\/sites.cemea.org\/tssm\/wp-content\/uploads\/sites\/7\/2020\/02\/entretien-Pierre-Delion_nov19.mp3\"><\/audio><figcaption>extrait de l&rsquo;\u00e9mission de nov.19, entretien avec Pierre Delion<\/figcaption><\/figure>\n\n\n\n<figure class=\"wp-block-image is-resized\"><img loading=\"lazy\" decoding=\"async\" src=\"https:\/\/sites.cemea.org\/tssm\/wp-content\/uploads\/sites\/7\/2019\/05\/catalogue2020.jpg\" alt=\"\" class=\"wp-image-75\" width=\"208\" height=\"299\" \/><\/figure>\n","protected":false},"excerpt":{"rendered":"<p class=\"post-excerpt\">Les Cem\u00e9a sont engag\u00e9s depuis le milieu des ann\u00e9es 40 dans le champ de la psychiatrie. \u00c0 la sortie de&#8230;<\/p>\n","protected":false},"author":8,"featured_media":22,"comment_status":"closed","ping_status":"open","sticky":false,"template":"","format":"standard","meta":{"footnotes":""},"categories":[1],"tags":[],"class_list":["post-73","post","type-post","status-publish","format-standard","has-post-thumbnail","hentry","category-non-classe"],"_links":{"self":[{"href":"https:\/\/sites.cemea.org\/tssm\/wp-json\/wp\/v2\/posts\/73","targetHints":{"allow":["GET"]}}],"collection":[{"href":"https:\/\/sites.cemea.org\/tssm\/wp-json\/wp\/v2\/posts"}],"about":[{"href":"https:\/\/sites.cemea.org\/tssm\/wp-json\/wp\/v2\/types\/post"}],"author":[{"embeddable":true,"href":"https:\/\/sites.cemea.org\/tssm\/wp-json\/wp\/v2\/users\/8"}],"replies":[{"embeddable":true,"href":"https:\/\/sites.cemea.org\/tssm\/wp-json\/wp\/v2\/comments?post=73"}],"version-history":[{"count":4,"href":"https:\/\/sites.cemea.org\/tssm\/wp-json\/wp\/v2\/posts\/73\/revisions"}],"predecessor-version":[{"id":143,"href":"https:\/\/sites.cemea.org\/tssm\/wp-json\/wp\/v2\/posts\/73\/revisions\/143"}],"wp:featuredmedia":[{"embeddable":true,"href":"https:\/\/sites.cemea.org\/tssm\/wp-json\/wp\/v2\/media\/22"}],"wp:attachment":[{"href":"https:\/\/sites.cemea.org\/tssm\/wp-json\/wp\/v2\/media?parent=73"}],"wp:term":[{"taxonomy":"category","embeddable":true,"href":"https:\/\/sites.cemea.org\/tssm\/wp-json\/wp\/v2\/categories?post=73"},{"taxonomy":"post_tag","embeddable":true,"href":"https:\/\/sites.cemea.org\/tssm\/wp-json\/wp\/v2\/tags?post=73"}],"curies":[{"name":"wp","href":"https:\/\/api.w.org\/{rel}","templated":true}]}}