{"id":63,"date":"2019-05-30T16:00:04","date_gmt":"2019-05-30T14:00:04","guid":{"rendered":"https:\/\/sites.cemea.org\/tssm\/?p=63"},"modified":"2019-05-31T10:44:49","modified_gmt":"2019-05-31T08:44:49","slug":"emission-du-28-mai-19","status":"publish","type":"post","link":"https:\/\/sites.cemea.org\/tssm\/2019\/05\/30\/emission-du-28-mai-19\/","title":{"rendered":"\u00c9mission du 28 mai 19"},"content":{"rendered":"\n<figure class=\"wp-block-audio\"><audio controls src=\"https:\/\/sites.cemea.org\/tssm\/wp-content\/uploads\/sites\/7\/2019\/05\/emission_tssm_280519.mp3\"><\/audio><figcaption>Si vous souhaitez enregistrer le fichier audio pour l\u2019\u00e9couter plus tard, cliquez droit sur le lecteur et \u201c<em>enregistrer le fichier audio sous\u2026<\/em>\u201c.<\/figcaption><\/figure>\n\n\n\n<div class=\"wp-block-image\"><figure class=\"alignleft is-resized\"><img loading=\"lazy\" decoding=\"async\" src=\"https:\/\/sites.cemea.org\/tssm\/wp-content\/uploads\/sites\/7\/2019\/05\/photo_blog-1-1024x768.jpg\" alt=\"\" class=\"wp-image-66\" width=\"326\" height=\"244\" srcset=\"https:\/\/sites.cemea.org\/tssm\/wp-content\/uploads\/sites\/7\/2019\/05\/photo_blog-1-1024x768.jpg 1024w, https:\/\/sites.cemea.org\/tssm\/wp-content\/uploads\/sites\/7\/2019\/05\/photo_blog-1-300x225.jpg 300w, https:\/\/sites.cemea.org\/tssm\/wp-content\/uploads\/sites\/7\/2019\/05\/photo_blog-1-768x576.jpg 768w, https:\/\/sites.cemea.org\/tssm\/wp-content\/uploads\/sites\/7\/2019\/05\/photo_blog-1-1140x855.jpg 1140w, https:\/\/sites.cemea.org\/tssm\/wp-content\/uploads\/sites\/7\/2019\/05\/photo_blog-1-552x414.jpg 552w, https:\/\/sites.cemea.org\/tssm\/wp-content\/uploads\/sites\/7\/2019\/05\/photo_blog-1.jpg 1200w\" sizes=\"auto, (max-width: 326px) 100vw, 326px\" \/><\/figure><\/div>\n\n\n\n<ul class=\"wp-block-list\"><li><strong>\u00ab\u00a0Dialogue avec&#8230;\u00a0\u00bb <\/strong>Fran\u00e7ois Chobeaux, ancien permanent \u00e0 l&rsquo;association nationale des Cem\u00e9a, animateur du r\u00e9seau national \u00ab\u00a0jeunes en errance\u00a0\u00bb<\/li><li><strong>\u00ab\u00a0R\u00e9sonances\u00a0\u00bb<\/strong>, avec Isabelle Palanchon, Responsable Nationale du p\u00f4le Europe, International \u00e0 l&rsquo;association nationale des Cem\u00e9a, nous parle des probl\u00e9matiques sociales en Europe<\/li><li><strong>\u00ab\u00a0Autour de VST\u00a0\u00bb, <\/strong>Rozenn Caris, r\u00e9dactrice en cheffe de la revue, revient sur le dossier \u00ab\u00a0Institutions\u00a0\u00bb du prochain num\u00e9ro<\/li><\/ul>\n\n\n\n<p>Les musiques propos\u00e9es dans cette \u00e9mission sont issues de sites de musique sous licence Creative Commons (<a href=\"https:\/\/www.jamendo.com\">Jamendo<\/a>, <a href=\"https:\/\/www.auboutdufil.com\/\">au bout du fil<\/a>), notamment pour cette \u00e9mission <em><strong>Smooth Attitude<\/strong><\/em> <a rel=\"noreferrer noopener\" aria-label=\"ici (s\u2019ouvre dans un nouvel onglet)\" href=\"https:\/\/www.jamendo.com\/search?q=Artistico%20Smooth%20Attitude\" target=\"_blank\">ici<\/a> et <em><strong>Big Big Boss<\/strong><\/em> <a rel=\"noreferrer noopener\" aria-label=\"ici (s\u2019ouvre dans un nouvel onglet)\" href=\"https:\/\/www.jamendo.com\/search?q=Big%20Big%20Boss\" target=\"_blank\">ici<\/a><\/p>\n","protected":false},"excerpt":{"rendered":"<p class=\"post-excerpt\">\u00ab\u00a0Dialogue avec&#8230;\u00a0\u00bb Fran\u00e7ois Chobeaux, ancien permanent \u00e0 l&rsquo;association nationale des Cem\u00e9a, animateur du r\u00e9seau national \u00ab\u00a0jeunes en errance\u00a0\u00bb \u00ab\u00a0R\u00e9sonances\u00a0\u00bb, avec&#8230;<\/p>\n","protected":false},"author":8,"featured_media":66,"comment_status":"closed","ping_status":"open","sticky":false,"template":"","format":"standard","meta":{"footnotes":""},"categories":[1],"tags":[8,9,10,12,11],"class_list":["post-63","post","type-post","status-publish","format-standard","has-post-thumbnail","hentry","category-non-classe","tag-cemea","tag-europe","tag-jeunes-errance","tag-jeunesse","tag-social"],"_links":{"self":[{"href":"https:\/\/sites.cemea.org\/tssm\/wp-json\/wp\/v2\/posts\/63","targetHints":{"allow":["GET"]}}],"collection":[{"href":"https:\/\/sites.cemea.org\/tssm\/wp-json\/wp\/v2\/posts"}],"about":[{"href":"https:\/\/sites.cemea.org\/tssm\/wp-json\/wp\/v2\/types\/post"}],"author":[{"embeddable":true,"href":"https:\/\/sites.cemea.org\/tssm\/wp-json\/wp\/v2\/users\/8"}],"replies":[{"embeddable":true,"href":"https:\/\/sites.cemea.org\/tssm\/wp-json\/wp\/v2\/comments?post=63"}],"version-history":[{"count":1,"href":"https:\/\/sites.cemea.org\/tssm\/wp-json\/wp\/v2\/posts\/63\/revisions"}],"predecessor-version":[{"id":67,"href":"https:\/\/sites.cemea.org\/tssm\/wp-json\/wp\/v2\/posts\/63\/revisions\/67"}],"wp:featuredmedia":[{"embeddable":true,"href":"https:\/\/sites.cemea.org\/tssm\/wp-json\/wp\/v2\/media\/66"}],"wp:attachment":[{"href":"https:\/\/sites.cemea.org\/tssm\/wp-json\/wp\/v2\/media?parent=63"}],"wp:term":[{"taxonomy":"category","embeddable":true,"href":"https:\/\/sites.cemea.org\/tssm\/wp-json\/wp\/v2\/categories?post=63"},{"taxonomy":"post_tag","embeddable":true,"href":"https:\/\/sites.cemea.org\/tssm\/wp-json\/wp\/v2\/tags?post=63"}],"curies":[{"name":"wp","href":"https:\/\/api.w.org\/{rel}","templated":true}]}}