{"id":313,"date":"2020-11-19T18:25:20","date_gmt":"2020-11-19T17:25:20","guid":{"rendered":"https:\/\/sites.cemea.org\/tssm\/?p=313"},"modified":"2020-11-19T20:17:46","modified_gmt":"2020-11-19T19:17:46","slug":"anouveauseulensemble-pendant-le-confinement-la-vie-continue-emission-du-12-11-20","status":"publish","type":"post","link":"https:\/\/sites.cemea.org\/tssm\/2020\/11\/19\/anouveauseulensemble-pendant-le-confinement-la-vie-continue-emission-du-12-11-20\/","title":{"rendered":"(\u00e0nouveau)seulensemble- pendant le confinement, la vie continue&#8230; \u00e9mission du 12.11.20"},"content":{"rendered":"\n<p>Nouveau confinement, nouvelle s\u00e9rie d&rsquo;\u00e9missions sp\u00e9ciales. Apr\u00e8s seulensemble saison1, bonjour (\u00e0nouveau)seulensemble, saison 2. Notre volont\u00e9, donner la parole aux acteur.rices engag\u00e9.es dans le r\u00e9seau des Cem\u00e9a ou ailleurs, pour nous dire comment cela se passe pour eux.elles. L&rsquo;\u00e9quipe de la webradio est donc all\u00e9e \u00e0 la p\u00eache aux sons, afin de vous concocter tous les 15 jours, une mosa\u00efque d&rsquo;exp\u00e9riences!<\/p>\n\n\n\n<p>Pour cette 1\u00e8re \u00e9mission, la p\u00eache a \u00e9t\u00e9 fructueuse :<\/p>\n\n\n\n<ul class=\"wp-block-list\"><li><strong>Christine Votovic<\/strong>, administratrice des cem\u00e9a en Occitanie et Vice-pr\u00e9sidente du CA national, nous \u00e9claire sur le poursuite des \u00e9chos du festival international du film d&rsquo;\u00e9ducation en Occitanie<\/li><li><strong>Laurent<\/strong> est all\u00e9 \u00e0 la rencontre de <strong>militant.es des Cem\u00e9a Pays de la Loire<\/strong> au Mans, qui souhaitent continuer \u00e0 militer, malgr\u00e9 tout&#8230;<\/li><li><strong>Patrice Raffet<\/strong>, responsable national du secteur animation aux Cem\u00e9a, porte un regard sur la situation de l&rsquo;animation volontaire<\/li><li><strong>B\u00e9atrice<\/strong> a rencontr\u00e9 <strong>Anne Lernon<\/strong>, des Cem\u00e9a en Nord Pas de Calais, qui nous parle de l&rsquo;organisation de la formation \u00e0 l&rsquo;animation professionnelle<\/li><li><strong>David<\/strong> est all\u00e9 \u00e0 la rencontre de <strong>\u00c9milie Bourbon<\/strong>, pour lui demander de nous parler des projets insertion et culture aux Cem\u00e9a de Nouvella Aquitaine<\/li><li>Pascal nous livre sa chronique \u00ab\u00a0Lib\u00e9rons-nous\u00a0\u00bb<\/li><\/ul>\n\n\n\n<p><strong>Et durant l&rsquo;\u00e9mission Rozenn, nous propose la lecture de textes pour faire des pas de c\u00f4t\u00e9 et enrichir la r\u00e9flexion<\/strong><\/p>\n\n\n\n<figure class=\"wp-block-audio\"><audio controls src=\"https:\/\/sites.cemea.org\/tssm\/wp-content\/uploads\/sites\/7\/2020\/11\/Anouveauseulensemble-2020-11-12.mp3\"><\/audio><figcaption>podcast de l&rsquo;\u00e9mission du 12.11.20<\/figcaption><\/figure>\n\n\n\n<p><strong>Musiques de l\u2019\u00e9mission<\/strong> :<\/p>\n\n\n\n<p><strong>G\u00e9n\u00e9rique<\/strong> : Man Outta Town (2019) Forget the Whale <a href=\"https:\/\/www.jamendo.com\/track\/1694753\/man-outta-town\">https:\/\/www.jamendo.com\/track\/1694753\/man-outta-town<\/a><\/p>\n\n\n\n<p>Kin\u00e9matic<strong>,<\/strong> Red Card (2019) <a href=\"https:\/\/www.jamendo.com\/track\/1607592\/red-card\">https:\/\/www.jamendo.com\/track\/1607592\/red-card<\/a><\/p>\n","protected":false},"excerpt":{"rendered":"<p class=\"post-excerpt\">Nouveau confinement, nouvelle s\u00e9rie d&rsquo;\u00e9missions sp\u00e9ciales. Apr\u00e8s seulensemble saison1, bonjour (\u00e0nouveau)seulensemble, saison 2. Notre volont\u00e9, donner la parole aux acteur.rices&#8230;<\/p>\n","protected":false},"author":8,"featured_media":315,"comment_status":"closed","ping_status":"open","sticky":false,"template":"","format":"standard","meta":{"footnotes":""},"categories":[3],"tags":[29,8,48,26,11,30],"class_list":["post-313","post","type-post","status-publish","format-standard","has-post-thumbnail","hentry","category-podcasts","tag-animation","tag-cemea","tag-insertion","tag-libre","tag-social","tag-travail-social"],"_links":{"self":[{"href":"https:\/\/sites.cemea.org\/tssm\/wp-json\/wp\/v2\/posts\/313","targetHints":{"allow":["GET"]}}],"collection":[{"href":"https:\/\/sites.cemea.org\/tssm\/wp-json\/wp\/v2\/posts"}],"about":[{"href":"https:\/\/sites.cemea.org\/tssm\/wp-json\/wp\/v2\/types\/post"}],"author":[{"embeddable":true,"href":"https:\/\/sites.cemea.org\/tssm\/wp-json\/wp\/v2\/users\/8"}],"replies":[{"embeddable":true,"href":"https:\/\/sites.cemea.org\/tssm\/wp-json\/wp\/v2\/comments?post=313"}],"version-history":[{"count":3,"href":"https:\/\/sites.cemea.org\/tssm\/wp-json\/wp\/v2\/posts\/313\/revisions"}],"predecessor-version":[{"id":318,"href":"https:\/\/sites.cemea.org\/tssm\/wp-json\/wp\/v2\/posts\/313\/revisions\/318"}],"wp:featuredmedia":[{"embeddable":true,"href":"https:\/\/sites.cemea.org\/tssm\/wp-json\/wp\/v2\/media\/315"}],"wp:attachment":[{"href":"https:\/\/sites.cemea.org\/tssm\/wp-json\/wp\/v2\/media?parent=313"}],"wp:term":[{"taxonomy":"category","embeddable":true,"href":"https:\/\/sites.cemea.org\/tssm\/wp-json\/wp\/v2\/categories?post=313"},{"taxonomy":"post_tag","embeddable":true,"href":"https:\/\/sites.cemea.org\/tssm\/wp-json\/wp\/v2\/tags?post=313"}],"curies":[{"name":"wp","href":"https:\/\/api.w.org\/{rel}","templated":true}]}}