{"id":95,"date":"2023-03-31T23:27:52","date_gmt":"2023-03-31T21:27:52","guid":{"rendered":"https:\/\/sites.cemea.org\/erasmus\/?p=95"},"modified":"2023-04-06T23:15:54","modified_gmt":"2023-04-06T21:15:54","slug":"bologne-2023-il-kinotto","status":"publish","type":"post","link":"https:\/\/sites.cemea.org\/erasmus\/2023\/03\/31\/bologne-2023-il-kinotto\/","title":{"rendered":"Bologne 2023 il Kinotto"},"content":{"rendered":"\n<p>Venerdi 31 marzo,<br>Bar il Kinotto, 17h17<\/p>\n\n\n\n<p>J\u2019ai dit aurevoir \u00e0 tout le monde, arrivederci, ciao, ci vediamo presto\u2026<\/p>\n\n\n<div class=\"wp-block-image\">\n<figure class=\"aligncenter size-full is-resized\"><img loading=\"lazy\" decoding=\"async\" src=\"https:\/\/sites.cemea.org\/erasmus\/wp-content\/uploads\/sites\/20\/2023\/03\/IMG_2194.jpg\" alt=\"\" class=\"wp-image-173\" width=\"412\" height=\"309\" srcset=\"https:\/\/sites.cemea.org\/erasmus\/wp-content\/uploads\/sites\/20\/2023\/03\/IMG_2194.jpg 640w, https:\/\/sites.cemea.org\/erasmus\/wp-content\/uploads\/sites\/20\/2023\/03\/IMG_2194-300x225.jpg 300w\" sizes=\"auto, (max-width: 412px) 100vw, 412px\" \/><\/figure><\/div>\n\n\n<p>Je suis arriv\u00e9e dans le lieu de rendez-vous que nous ont fix\u00e9 les coll\u00e8gues du groupe MEC. Encore un endroit qui a l\u2019air pas mal du tout. Un bar a priori associatif, tr\u00e8s grand, des tables r\u00e9cup\u00e9r\u00e9es \u00e0 droite et \u00e0 gauche, des vieilles machines \u00e0 \u00e9crire, un poster de Madonna en noir et blanc, p\u00e9riode \u00ab&nbsp;Vogue&nbsp;\u00bb, des abats-jour tordus, des piles de magazines, le wifi gratuit, des jeux de soci\u00e9t\u00e9, des vieux canap\u00e9s, une guitare accroch\u00e9e au mur, des porte-manteaux, de la jolie musique, et la vue sur des immeubles et un stade de foot de quartier.<\/p>\n\n\n\n<p>Il me faudra un peu de temps pour \u00ab&nbsp;sedimentare&nbsp;\u00bb comme l\u2019a dit Greta ce matin. Fixer, dig\u00e9rer tout ce que nous avons v\u00e9cu ensemble.<\/p>\n\n\n\n<p>Et comme l\u2019a dit Giulia, c\u2019est un \u00ab&nbsp;punto di partanza&nbsp;\u00bb, un point de d\u00e9part.<\/p>\n\n\n\n<p>Je repars avec l\u2019envie de continuer \u00e0 travailler avec les associations des villages environnants mon \u00e9cole, de mettre un peu (plus) d\u2019\u00e9nergie enthousiaste dans mon travail, d\u2019\u00eatre plus fi\u00e8re de ce que nous faisons dans nos classes, de faire davantage le lien entre nos actions de terrain et les valeurs qui les soutiennent et qui sont partag\u00e9es par nos associations.<\/p>\n\n\n<div class=\"wp-block-image\">\n<figure class=\"aligncenter size-full\"><img loading=\"lazy\" decoding=\"async\" width=\"503\" height=\"192\" src=\"https:\/\/sites.cemea.org\/erasmus\/wp-content\/uploads\/sites\/20\/2023\/03\/partenaires.png\" alt=\"\" class=\"wp-image-178\" srcset=\"https:\/\/sites.cemea.org\/erasmus\/wp-content\/uploads\/sites\/20\/2023\/03\/partenaires.png 503w, https:\/\/sites.cemea.org\/erasmus\/wp-content\/uploads\/sites\/20\/2023\/03\/partenaires-300x115.png 300w\" sizes=\"auto, (max-width: 503px) 100vw, 503px\" \/><\/figure><\/div>\n\n\n<p>J\u2019ai pris conscience gr\u00e2ce \u00e0 ce voyage d\u2019appartenir \u00e0 un r\u00e9seau d\u2019associations et de personnes. Et cela m\u2019encourage beaucoup de savoir que tout cela existe, je me sens soutenue.<\/p>\n\n\n\n<p>Allez, basta pour aujourd\u2019hui.<\/p>\n\n\n\n<p><em>Sylvie Choisnet<\/em><\/p>\n\n\n\n<p><em>ICEM<\/em><\/p>\n","protected":false},"excerpt":{"rendered":"<p class=\"post-excerpt\">Venerdi 31 marzo,Bar il Kinotto, 17h17 J\u2019ai dit aurevoir \u00e0 tout le monde, arrivederci, ciao, ci vediamo presto\u2026 Je suis&#8230;<\/p>\n","protected":false},"author":43,"featured_media":148,"comment_status":"open","ping_status":"open","sticky":false,"template":"","format":"standard","meta":{"footnotes":""},"categories":[1],"tags":[],"class_list":["post-95","post","type-post","status-publish","format-standard","has-post-thumbnail","hentry","category-non-classe"],"_links":{"self":[{"href":"https:\/\/sites.cemea.org\/erasmus\/wp-json\/wp\/v2\/posts\/95","targetHints":{"allow":["GET"]}}],"collection":[{"href":"https:\/\/sites.cemea.org\/erasmus\/wp-json\/wp\/v2\/posts"}],"about":[{"href":"https:\/\/sites.cemea.org\/erasmus\/wp-json\/wp\/v2\/types\/post"}],"author":[{"embeddable":true,"href":"https:\/\/sites.cemea.org\/erasmus\/wp-json\/wp\/v2\/users\/43"}],"replies":[{"embeddable":true,"href":"https:\/\/sites.cemea.org\/erasmus\/wp-json\/wp\/v2\/comments?post=95"}],"version-history":[{"count":3,"href":"https:\/\/sites.cemea.org\/erasmus\/wp-json\/wp\/v2\/posts\/95\/revisions"}],"predecessor-version":[{"id":179,"href":"https:\/\/sites.cemea.org\/erasmus\/wp-json\/wp\/v2\/posts\/95\/revisions\/179"}],"wp:featuredmedia":[{"embeddable":true,"href":"https:\/\/sites.cemea.org\/erasmus\/wp-json\/wp\/v2\/media\/148"}],"wp:attachment":[{"href":"https:\/\/sites.cemea.org\/erasmus\/wp-json\/wp\/v2\/media?parent=95"}],"wp:term":[{"taxonomy":"category","embeddable":true,"href":"https:\/\/sites.cemea.org\/erasmus\/wp-json\/wp\/v2\/categories?post=95"},{"taxonomy":"post_tag","embeddable":true,"href":"https:\/\/sites.cemea.org\/erasmus\/wp-json\/wp\/v2\/tags?post=95"}],"curies":[{"name":"wp","href":"https:\/\/api.w.org\/{rel}","templated":true}]}}