{"id":84,"date":"2023-03-31T08:08:40","date_gmt":"2023-03-31T06:08:40","guid":{"rendered":"https:\/\/sites.cemea.org\/erasmus\/?p=84"},"modified":"2023-04-06T23:40:31","modified_gmt":"2023-04-06T21:40:31","slug":"bologne-2023-ma-journee-du-30-a-reggio-emilia","status":"publish","type":"post","link":"https:\/\/sites.cemea.org\/erasmus\/2023\/03\/31\/bologne-2023-ma-journee-du-30-a-reggio-emilia\/","title":{"rendered":"Bologne 2023 Ma journ\u00e9e du 30 \u00e0 Reggio Emilia"},"content":{"rendered":"\n<p><em>Casa del fico, venerdi 31 marzo<\/em><\/p>\n\n\n\n<p>Ultimo giorno&nbsp;!<\/p>\n\n\n\n<p>Ce que je retiens de la journ\u00e9e d\u2019hier\u2026<\/p>\n\n\n\n<p>La conception du handicap et le regard port\u00e9 sur les personnes porteuses de handicap.<\/p>\n\n\n<div class=\"wp-block-image\">\n<figure class=\"aligncenter size-full\"><img loading=\"lazy\" decoding=\"async\" width=\"636\" height=\"389\" src=\"https:\/\/sites.cemea.org\/erasmus\/wp-content\/uploads\/sites\/20\/2023\/03\/eduardo.jpg\" alt=\"\" class=\"wp-image-187\" srcset=\"https:\/\/sites.cemea.org\/erasmus\/wp-content\/uploads\/sites\/20\/2023\/03\/eduardo.jpg 636w, https:\/\/sites.cemea.org\/erasmus\/wp-content\/uploads\/sites\/20\/2023\/03\/eduardo-300x183.jpg 300w\" sizes=\"auto, (max-width: 636px) 100vw, 636px\" \/><\/figure><\/div>\n\n\n<p>La notion de vuln\u00e9rabilit\u00e9.<\/p>\n\n\n\n<p>Un p\u00e9dagogue italien&nbsp;: Loris Malaguzzi.<\/p>\n\n\n\n<p>Le matin, nous avons visit\u00e9 un lieu d\u00e9di\u00e9 \u00e0 des personnes en situation de handicap, des personnes \u00ab&nbsp;diversement habiles&nbsp;\u00bb.<\/p>\n\n\n<div class=\"wp-block-image\">\n<figure class=\"aligncenter size-large is-resized\"><img loading=\"lazy\" decoding=\"async\" src=\"https:\/\/sites.cemea.org\/erasmus\/wp-content\/uploads\/sites\/20\/2023\/04\/theatre_marionette-576x1024.jpg\" alt=\"\" class=\"wp-image-189\" width=\"271\" height=\"482\" srcset=\"https:\/\/sites.cemea.org\/erasmus\/wp-content\/uploads\/sites\/20\/2023\/04\/theatre_marionette-576x1024.jpg 576w, https:\/\/sites.cemea.org\/erasmus\/wp-content\/uploads\/sites\/20\/2023\/04\/theatre_marionette-169x300.jpg 169w, https:\/\/sites.cemea.org\/erasmus\/wp-content\/uploads\/sites\/20\/2023\/04\/theatre_marionette-768x1365.jpg 768w, https:\/\/sites.cemea.org\/erasmus\/wp-content\/uploads\/sites\/20\/2023\/04\/theatre_marionette-864x1536.jpg 864w, https:\/\/sites.cemea.org\/erasmus\/wp-content\/uploads\/sites\/20\/2023\/04\/theatre_marionette.jpg 900w\" sizes=\"auto, (max-width: 271px) 100vw, 271px\" \/><\/figure><\/div>\n\n\n<p>Edoardo, le responsable du lieu, nous a parl\u00e9 d\u2019un projet \u00e9tonnant.<\/p>\n\n\n\n<p>Les jeunes accueillis ont fabriqu\u00e9 des marionnettes et un petit th\u00e9\u00e2tre pour raconter des histoires.<\/p>\n\n\n\n<figure class=\"wp-block-gallery has-nested-images columns-default is-cropped wp-block-gallery-1 is-layout-flex wp-block-gallery-is-layout-flex\">\n<figure class=\"wp-block-image size-large\"><img loading=\"lazy\" decoding=\"async\" width=\"480\" height=\"640\" data-id=\"181\" src=\"https:\/\/sites.cemea.org\/erasmus\/wp-content\/uploads\/sites\/20\/2023\/03\/marionettes.jpeg\" alt=\"\" class=\"wp-image-181\" srcset=\"https:\/\/sites.cemea.org\/erasmus\/wp-content\/uploads\/sites\/20\/2023\/03\/marionettes.jpeg 480w, https:\/\/sites.cemea.org\/erasmus\/wp-content\/uploads\/sites\/20\/2023\/03\/marionettes-225x300.jpeg 225w\" sizes=\"auto, (max-width: 480px) 100vw, 480px\" \/><\/figure>\n\n\n\n<figure class=\"wp-block-image size-large\"><img loading=\"lazy\" decoding=\"async\" width=\"215\" height=\"161\" data-id=\"182\" src=\"https:\/\/sites.cemea.org\/erasmus\/wp-content\/uploads\/sites\/20\/2023\/03\/marionettes2.jpeg\" alt=\"\" class=\"wp-image-182\" \/><\/figure>\n<\/figure>\n\n\n\n<p>Les \u00e9l\u00e8ves des \u00e9coles environnantes sont venus assister au spectacle sur place et une structure mobile est en cours de fabrication pour que des repr\u00e9sentations puissent \u00eatre donn\u00e9es \u00e0 l\u2019ext\u00e9rieur.<\/p>\n\n\n\n<p>Parall\u00e8lement \u00e0 cette activit\u00e9, les jeunes qui ont appris \u00e0 fabriquer des marionnettes vont dans les \u00e9coles pour animer des ateliers de cr\u00e9ations de marionnettes. Ce qui signifie que les enfants vont travailler directement avec ces personnes en situation de handicap et vont apprendre gr\u00e2ce \u00e0 elles.<\/p>\n\n\n\n<p>Ce que je trouve fantastique c\u2019est ce changement de regard qui repr\u00e9sente, au moins pour moi, une petite r\u00e9volution&nbsp;: la personne en situation de handicap sait faire des choses et elle peut transmettre ses comp\u00e9tences \u00e0 des personnes qui ne sont pas en situation de handicap.<\/p>\n\n\n\n<p>Et le fait que cette transmission ait lieu dans les \u00e9coles permet que les enfants n\u2019aient pas (ou moins) de pr\u00e9jug\u00e9s sur les personnes \u00ab&nbsp;diversement habiles&nbsp;\u00bb, qu\u2019ils constatent qu\u2019on peut travailler avec elles comme avec tout le monde.<\/p>\n\n\n\n<p>Donc d\u2019une part, il y a cette barri\u00e8re entre les \u00ab&nbsp;habiles&nbsp;\u00bb et les \u00ab&nbsp;diversements habiles&nbsp;\u00bb qui s\u2019efface et c\u2019est un soulagement, un monde qui s\u2019ouvre et s\u2019enrichit&nbsp;; et d\u2019autre part, il y a la notion de vuln\u00e9rabilit\u00e9.<\/p>\n\n\n\n<p>En effet, quelque soit notre degr\u00e9 d\u2019\u00ab&nbsp;habilit\u00e9&nbsp;\u00bb nous sommes tous des personnes avec exactement les m\u00eames droits et les m\u00eames besoins, mais certains d\u2019entre nous sont plus fragiles.<\/p>\n\n\n\n<p>C\u2019est la notion de vuln\u00e9rabilit\u00e9.<\/p>\n\n\n\n<p>Les personnes plus vuln\u00e9rables peuvent l\u2019\u00eatre pour diverses raisons&nbsp;: un handicap, une situation \u00e9conomique et sociale, l\u2019\u00e2ge tr\u00e8s avanc\u00e9\u2026<\/p>\n\n\n<div class=\"wp-block-image\">\n<figure class=\"aligncenter size-full\"><img loading=\"lazy\" decoding=\"async\" width=\"640\" height=\"297\" src=\"https:\/\/sites.cemea.org\/erasmus\/wp-content\/uploads\/sites\/20\/2023\/03\/polveiria.jpeg\" alt=\"\" class=\"wp-image-183\" srcset=\"https:\/\/sites.cemea.org\/erasmus\/wp-content\/uploads\/sites\/20\/2023\/03\/polveiria.jpeg 640w, https:\/\/sites.cemea.org\/erasmus\/wp-content\/uploads\/sites\/20\/2023\/03\/polveiria-300x139.jpeg 300w\" sizes=\"auto, (max-width: 640px) 100vw, 640px\" \/><\/figure><\/div>\n\n\n<p>Nous avons visit\u00e9 un autre lieu, la Polveriera dont un des objectifs est l\u2019accueil et l\u2019accompagnement des personnes plus vuln\u00e9rables, toujours avec l\u2019id\u00e9e de leur permettre d\u2019exploiter leurs comp\u00e9tences, de les aider \u00e0 devenir les plus autonomes possibles.<\/p>\n\n\n\n<p>C\u2019est un projet tr\u00e8s humain, presque une utopie. On retrouve les principes de la classe coop\u00e9rative mais en dehors de l\u2019\u00e9cole. On s\u2019entraide, on monte des projets, on se r\u00e9unit, on a un lieu ouvert sur le quartier, on permet la cr\u00e9ation de liens entre les personnes&#8230;<\/p>\n\n\n\n<p>Pendant que nous buvions le caf\u00e9, des \u00ab&nbsp;vieilles dames&nbsp;\u00bb sont arriv\u00e9es&nbsp;: tous les jeudis, elles se r\u00e9unissent et parlent de leurs lectures, font des activit\u00e9s ensemble. Elles sont toutes du quartier mais ne se connaissaient pas auparavant. Ce lieu leur a donn\u00e9 la possibilit\u00e9 de cr\u00e9er de nouveaux liens, peut-\u00eatre de sortir de la solitude, de leur changer les id\u00e9es\u2026 Et ce n\u2019est pas rien. L\u2019isolement est source de nombreux maux psychologiques et physiques.<\/p>\n\n\n\n<p>J\u2019ai aussi d\u00e9couvert Loris Malaguzzi, un p\u00e9dagogue italien dont je n\u2019avais jamais entendu parl\u00e9 bien qu\u2019il soit apparemment de renomm\u00e9e internationale. Nous avons fait une rapide visite du centro Loris Malaguzzi. Il est \u00e0 l\u2019origine d\u2019\u00e9coles maternelles autog\u00e9r\u00e9es.<\/p>\n\n\n\n<p>Sa p\u00e9daogie se base sur les principes suivants&nbsp;:<\/p>\n\n\n\n<p>&#8211; Questionnements et exp\u00e9rimentations.<\/p>\n\n\n\n<p>&#8211; D\u00e9veloppement la curiosit\u00e9<\/p>\n\n\n\n<p>&#8211; Importance de l\u2019expression artistique d\u00e8s le plus jeune \u00e2ge.<\/p>\n\n\n\n<figure class=\"wp-block-gallery has-nested-images columns-default is-cropped wp-block-gallery-2 is-layout-flex wp-block-gallery-is-layout-flex\">\n<figure class=\"wp-block-image size-large\"><img loading=\"lazy\" decoding=\"async\" width=\"161\" height=\"137\" data-id=\"190\" src=\"https:\/\/sites.cemea.org\/erasmus\/wp-content\/uploads\/sites\/20\/2023\/03\/grenouilles.jpeg\" alt=\"\" class=\"wp-image-190\" \/><\/figure>\n\n\n\n<figure class=\"wp-block-image size-large\"><img loading=\"lazy\" decoding=\"async\" width=\"461\" height=\"614\" data-id=\"191\" src=\"https:\/\/sites.cemea.org\/erasmus\/wp-content\/uploads\/sites\/20\/2023\/03\/monstre.jpeg\" alt=\"\" class=\"wp-image-191\" srcset=\"https:\/\/sites.cemea.org\/erasmus\/wp-content\/uploads\/sites\/20\/2023\/03\/monstre.jpeg 461w, https:\/\/sites.cemea.org\/erasmus\/wp-content\/uploads\/sites\/20\/2023\/03\/monstre-225x300.jpeg 225w\" sizes=\"auto, (max-width: 461px) 100vw, 461px\" \/><\/figure>\n\n\n\n<figure class=\"wp-block-image size-large\"><img loading=\"lazy\" decoding=\"async\" width=\"622\" height=\"605\" data-id=\"192\" src=\"https:\/\/sites.cemea.org\/erasmus\/wp-content\/uploads\/sites\/20\/2023\/03\/sculptures_mailles.jpeg\" alt=\"\" class=\"wp-image-192\" srcset=\"https:\/\/sites.cemea.org\/erasmus\/wp-content\/uploads\/sites\/20\/2023\/03\/sculptures_mailles.jpeg 622w, https:\/\/sites.cemea.org\/erasmus\/wp-content\/uploads\/sites\/20\/2023\/03\/sculptures_mailles-300x292.jpeg 300w\" sizes=\"auto, (max-width: 622px) 100vw, 622px\" \/><\/figure>\n<\/figure>\n\n\n\n<p>Les enfants, de 0 \u00e0 6 ans, \u00e9voluent dans un milieu tr\u00e8s riche, tr\u00e8s stimulant et sont accompagn\u00e9s par des \u00ab&nbsp;ateli\u00e9ristes&nbsp;\u00bb dont le r\u00f4le est d\u2019accompagner leurs recherches. Il n\u2019y a pas de consignes&nbsp;: on regarde le mat\u00e9riel \u00e0 disposition, on le touche, on se pose des questions, on fait des hypoth\u00e8ses, on les v\u00e9rifie, on exp\u00e9rimente, cela nous am\u00e8ne \u00e0 d\u2019autres questions\u2026 Ainsi les enfants sont actifs et impliqu\u00e9s dans leurs apprentissages.<\/p>\n\n\n\n<p>C\u2019est une p\u00e9dagogie qui implique l\u2019autod\u00e9termination et l\u2019\u00e9mancipation. En travaillant dans cet esprit, on permet aux enfants de devenir eux-m\u00eames.<\/p>\n\n\n\n<p>Alors, certes, cette p\u00e9dagogie concerne les 0-6 ans et tous les petits italiens n\u2019en b\u00e9n\u00e9ficient pas. Mais elle existe et elle peut nous inspirer.<\/p>\n\n\n\n<p>Ce qui est tr\u00e8s int\u00e9ressant dans tout ce que nous avons vu c\u2019est le lien tr\u00e8s fort entre la philosophie et la pratique de terrain. Tous les professionnels que nous avons rencontr\u00e9 savent parfaitement ce qu\u2019ils font et pourquoi.<\/p>\n\n\n\n<p>Un groupe de jeunes en situation de handicap qui fabriquent des marionnettes, des mamies qui se retrouvent pour parler de livres tous les jeudis et des enfants qui jouent avec de l\u2019argile, \u00e7a n\u2019a l\u2019air de rien. Et pourtant, ce sont des r\u00e9alit\u00e9s port\u00e9es par une pens\u00e9e philosophique et politique quasi r\u00e9volutionnaire et surtout tr\u00e8s humaine.<\/p>\n\n\n\n<p>Sylvie Choisnet<\/p>\n","protected":false},"excerpt":{"rendered":"<p class=\"post-excerpt\">Casa del fico, venerdi 31 marzo Ultimo giorno&nbsp;! Ce que je retiens de la journ\u00e9e d\u2019hier\u2026 La conception du handicap&#8230;<\/p>\n","protected":false},"author":43,"featured_media":185,"comment_status":"open","ping_status":"open","sticky":false,"template":"","format":"standard","meta":{"footnotes":""},"categories":[1],"tags":[],"class_list":["post-84","post","type-post","status-publish","format-standard","has-post-thumbnail","hentry","category-non-classe"],"_links":{"self":[{"href":"https:\/\/sites.cemea.org\/erasmus\/wp-json\/wp\/v2\/posts\/84","targetHints":{"allow":["GET"]}}],"collection":[{"href":"https:\/\/sites.cemea.org\/erasmus\/wp-json\/wp\/v2\/posts"}],"about":[{"href":"https:\/\/sites.cemea.org\/erasmus\/wp-json\/wp\/v2\/types\/post"}],"author":[{"embeddable":true,"href":"https:\/\/sites.cemea.org\/erasmus\/wp-json\/wp\/v2\/users\/43"}],"replies":[{"embeddable":true,"href":"https:\/\/sites.cemea.org\/erasmus\/wp-json\/wp\/v2\/comments?post=84"}],"version-history":[{"count":3,"href":"https:\/\/sites.cemea.org\/erasmus\/wp-json\/wp\/v2\/posts\/84\/revisions"}],"predecessor-version":[{"id":193,"href":"https:\/\/sites.cemea.org\/erasmus\/wp-json\/wp\/v2\/posts\/84\/revisions\/193"}],"wp:featuredmedia":[{"embeddable":true,"href":"https:\/\/sites.cemea.org\/erasmus\/wp-json\/wp\/v2\/media\/185"}],"wp:attachment":[{"href":"https:\/\/sites.cemea.org\/erasmus\/wp-json\/wp\/v2\/media?parent=84"}],"wp:term":[{"taxonomy":"category","embeddable":true,"href":"https:\/\/sites.cemea.org\/erasmus\/wp-json\/wp\/v2\/categories?post=84"},{"taxonomy":"post_tag","embeddable":true,"href":"https:\/\/sites.cemea.org\/erasmus\/wp-json\/wp\/v2\/tags?post=84"}],"curies":[{"name":"wp","href":"https:\/\/api.w.org\/{rel}","templated":true}]}}