{"id":82,"date":"2023-03-31T08:06:40","date_gmt":"2023-03-31T06:06:40","guid":{"rendered":"https:\/\/sites.cemea.org\/erasmus\/?p=82"},"modified":"2023-04-07T00:09:16","modified_gmt":"2023-04-06T22:09:16","slug":"bologne-2023-ma-journee-du-29-mars-a-modene","status":"publish","type":"post","link":"https:\/\/sites.cemea.org\/erasmus\/2023\/03\/31\/bologne-2023-ma-journee-du-29-mars-a-modene\/","title":{"rendered":"Bologne 2023 Ma journ\u00e9e du 29 mars \u00e0 Mod\u00e8ne"},"content":{"rendered":"\n<p>Casa di Fico<\/p>\n\n\n\n<p>Il est 6 heures 42. \u00c0 c\u00f4t\u00e9 de moi, il y a le petit journal de l\u2019\u00e9cole \u00ab\u00a0Cittadella\u00a0\u00bb. Mais pourquoi Citadella\u00a0? On aurait d\u00fb leur demander.<\/p>\n\n\n<div class=\"wp-block-image\">\n<figure class=\"aligncenter size-full\"><img loading=\"lazy\" decoding=\"async\" width=\"512\" height=\"384\" src=\"https:\/\/sites.cemea.org\/erasmus\/wp-content\/uploads\/sites\/20\/2023\/03\/ecole1_entree.jpeg\" alt=\"\" class=\"wp-image-147\" srcset=\"https:\/\/sites.cemea.org\/erasmus\/wp-content\/uploads\/sites\/20\/2023\/03\/ecole1_entree.jpeg 512w, https:\/\/sites.cemea.org\/erasmus\/wp-content\/uploads\/sites\/20\/2023\/03\/ecole1_entree-300x225.jpeg 300w\" sizes=\"auto, (max-width: 512px) 100vw, 512px\" \/><\/figure><\/div>\n\n\n<p>Ce que je retiens de la journ\u00e9e d\u2019hier\u2026<\/p>\n\n\n\n<p>L\u2019absence d\u2019une vraie \u00e9cole maternelle en Italie.<\/p>\n\n\n\n<p>L\u2019\u00e9cole est obligatoire \u00e0 cinq ans.<\/p>\n\n\n\n<p>La structure qui accueille les enfants de 0 \u00e0 3 ans s\u2019appelle \u00ab&nbsp;asilo nido&nbsp;\u00bb, ensuite il y a la \u00ab&nbsp;scuola dell\u2019infanzia&nbsp;\u00bb qui serait l\u2018\u00e9quivalent de la maternelle mais n\u2019\u00e9tant pas obligatoire, elle n\u2019est pas accessible \u00e0 tous. Elle est la plupart du temps payante et elle peut \u00eatre communale ou totalement priv\u00e9e.<\/p>\n\n\n\n<p>Les \u00e9coles \u00e9l\u00e9mentaires peuvent \u00eatre publiques, communales (et dans ce cas m\u00eame les enseignant.es sont pay\u00e9.es par la commune) ou priv\u00e9es.<\/p>\n\n\n\n<p>Il y a de grandes in\u00e9galit\u00e9s entre le nord et le sud de l\u2019Italie.<\/p>\n\n\n\n<figure class=\"wp-block-image size-full\"><img loading=\"lazy\" decoding=\"async\" width=\"735\" height=\"606\" src=\"https:\/\/sites.cemea.org\/erasmus\/wp-content\/uploads\/sites\/20\/2023\/03\/ecole1_enseignantes-1.jpg\" alt=\"\" class=\"wp-image-151\" srcset=\"https:\/\/sites.cemea.org\/erasmus\/wp-content\/uploads\/sites\/20\/2023\/03\/ecole1_enseignantes-1.jpg 735w, https:\/\/sites.cemea.org\/erasmus\/wp-content\/uploads\/sites\/20\/2023\/03\/ecole1_enseignantes-1-300x247.jpg 300w\" sizes=\"auto, (max-width: 735px) 100vw, 735px\" \/><\/figure>\n\n\n\n<p>Ileana, l\u2019enseignante que nous avons rencontr\u00e9e le matin nous a expliqu\u00e9 que si elle \u00e9tait rest\u00e9e dans sa Calabre natale, elle n\u2019aurait pas p\u00fb se former.<\/p>\n\n\n\n<p>La formation continue des enseignants n\u2019est pas prise en charge par l\u2019\u00e9tat, elle d\u00e9pend du budget et de la volont\u00e9 des communes. Apparemment, la ville de Mod\u00e8ne donne pas mal de moyens au secteur \u00e9ducatif.<\/p>\n\n\n\n<p>Pour compenser le fait qu\u2019il n\u2019y ait pas de v\u00e9ritable \u00e9cole maternelle accessible \u00e0 tous, des associations soutenues parfois par la commune, ouvrent diff\u00e9rentes structures d\u2019accueil, notamment dans les quartiers d\u00e9favoris\u00e9s comme celui o\u00f9 nous \u00e9tions hier. La ludoth\u00e8que en fait partie. C\u2019est un lieu de socialisation pour les enfants mais aussi pour leurs parents.<\/p>\n\n\n\n<figure class=\"wp-block-gallery has-nested-images columns-default is-cropped wp-block-gallery-1 is-layout-flex wp-block-gallery-is-layout-flex\">\n<figure class=\"wp-block-image size-large\"><img loading=\"lazy\" decoding=\"async\" width=\"768\" height=\"1024\" data-id=\"221\" src=\"https:\/\/sites.cemea.org\/erasmus\/wp-content\/uploads\/sites\/20\/2023\/03\/ludotheque4.jpeg\" alt=\"\" class=\"wp-image-221\" srcset=\"https:\/\/sites.cemea.org\/erasmus\/wp-content\/uploads\/sites\/20\/2023\/03\/ludotheque4.jpeg 768w, https:\/\/sites.cemea.org\/erasmus\/wp-content\/uploads\/sites\/20\/2023\/03\/ludotheque4-225x300.jpeg 225w\" sizes=\"auto, (max-width: 768px) 100vw, 768px\" \/><\/figure>\n\n\n\n<figure class=\"wp-block-image size-large\"><img loading=\"lazy\" decoding=\"async\" width=\"736\" height=\"1024\" data-id=\"222\" src=\"https:\/\/sites.cemea.org\/erasmus\/wp-content\/uploads\/sites\/20\/2023\/03\/ludotheque_embleme.jpeg\" alt=\"\" class=\"wp-image-222\" srcset=\"https:\/\/sites.cemea.org\/erasmus\/wp-content\/uploads\/sites\/20\/2023\/03\/ludotheque_embleme.jpeg 736w, https:\/\/sites.cemea.org\/erasmus\/wp-content\/uploads\/sites\/20\/2023\/03\/ludotheque_embleme-216x300.jpeg 216w\" sizes=\"auto, (max-width: 736px) 100vw, 736px\" \/><\/figure>\n\n\n\n<figure class=\"wp-block-image size-large\"><img loading=\"lazy\" decoding=\"async\" width=\"384\" height=\"512\" data-id=\"224\" src=\"https:\/\/sites.cemea.org\/erasmus\/wp-content\/uploads\/sites\/20\/2023\/03\/ludotheque2.jpeg\" alt=\"\" class=\"wp-image-224\" srcset=\"https:\/\/sites.cemea.org\/erasmus\/wp-content\/uploads\/sites\/20\/2023\/03\/ludotheque2.jpeg 384w, https:\/\/sites.cemea.org\/erasmus\/wp-content\/uploads\/sites\/20\/2023\/03\/ludotheque2-225x300.jpeg 225w\" sizes=\"auto, (max-width: 384px) 100vw, 384px\" \/><\/figure>\n<\/figure>\n\n\n\n<p>Plusieurs fois, il a \u00e9t\u00e9 question des parents pendant nos \u00e9changes d\u2019hier. Pour toutes les professionnelles que nous avons rencontr\u00e9es, il est tr\u00e8s important que les \u00ab&nbsp;mamans&nbsp;\u00bb (c\u2019est le mot qu\u2019elles ont employ\u00e9) se sentent accueillies et qu\u2019elles cr\u00e9ent des liens entre elles. Qu\u2019elles ne soient pas isol\u00e9es. C\u2019est d\u2019autant plus important qu\u2019il s\u2019agit de personnes d\u2019origine \u00e9trang\u00e8re, qui ne parlent pas tr\u00e8s bien l\u2019italien, qui sont souvent intimid\u00e9es, qui ont \u00ab&nbsp;honte&nbsp;\u00bb, qui n\u2019ose pas prendre leur place.<\/p>\n\n\n\n<p>La ludoth\u00e8que permet d\u2019accueillir les enfants de 0 \u00e0 5 ans avec un de leurs parents (ou un autre adulte) et les enfants de l\u2019\u00e9cole primaire adulte, sur inscription. Ils sont encadr\u00e9s par des \u00e9ducatrices dipl\u00f4m\u00e9es en sciences de l\u2019\u00e9ducation.<\/p>\n\n\n\n<p>Et les diff\u00e9rentes structures d\u2019accueil des enfants sont g\u00e9r\u00e9s par une coordinatrice, une \u00ab&nbsp;p\u00e9dagogiste&nbsp;\u00bb, elle aussi form\u00e9e et dipl\u00f4m\u00e9e en sciences de l\u2019\u00e9ducation.<\/p>\n\n\n\n<p>L\u2019importance de la formation est souvent revenue dans nos conversations.<\/p>\n\n\n\n<p>\u00c0 l\u2019\u00e9cole primaire, pour les enfants en situation de handicap, il existe des enseignants de soutien. Ce sont des enseignants sp\u00e9cialis\u00e9s qui interviennent dans les classes pour aider leurs coll\u00e8gues \u00e0 accueillir au mieux les \u00e9l\u00e8ves porteurs de handicap.<\/p>\n\n\n<div class=\"wp-block-image\">\n<figure class=\"aligncenter size-full is-resized\"><img loading=\"lazy\" decoding=\"async\" src=\"https:\/\/sites.cemea.org\/erasmus\/wp-content\/uploads\/sites\/20\/2023\/03\/ecole1_journee_autiste.jpg\" alt=\"\" class=\"wp-image-141\" width=\"248\" height=\"331\" srcset=\"https:\/\/sites.cemea.org\/erasmus\/wp-content\/uploads\/sites\/20\/2023\/03\/ecole1_journee_autiste.jpg 384w, https:\/\/sites.cemea.org\/erasmus\/wp-content\/uploads\/sites\/20\/2023\/03\/ecole1_journee_autiste-225x300.jpg 225w\" sizes=\"auto, (max-width: 248px) 100vw, 248px\" \/><\/figure><\/div>\n\n\n<p>\u00c0 l\u2019\u00e9cole, il a \u00e9t\u00e9 question de p\u00e9dagogie de projets et d\u2019accueil de tous les enfants quelque soit leur origine. Les enfants en difficult\u00e9s arrivent \u00e0 trouver leur place parce qu\u2019ils se sentent accueillis, parce que les \u00e9l\u00e8ves s\u2019entraident et que personne n\u2019est laiss\u00e9 sur le c\u00f4t\u00e9.<\/p>\n\n\n\n<p>\u00c0 aucun moment, il n\u2019a \u00e9t\u00e9 question des \u00ab\u00a0r\u00e9sultats\u00a0\u00bb des \u00e9l\u00e8ves, de la r\u00e9ussite scolaire. Apparemment, ce n\u2019est pas la pr\u00e9occupation premi\u00e8re des enseignantes (ce qui ne signifie certainement pas que ce n\u2019est pas important pour elles). Ce qui semble pr\u00e9valoir c\u2019est que chacun trouve sa place, que tous les \u00e9l\u00e8ves forment un groupe.<\/p>\n\n\n\n<figure class=\"wp-block-gallery has-nested-images columns-default is-cropped wp-block-gallery-2 is-layout-flex wp-block-gallery-is-layout-flex\">\n<figure class=\"wp-block-image size-large\"><img loading=\"lazy\" decoding=\"async\" width=\"766\" height=\"824\" data-id=\"139\" src=\"https:\/\/sites.cemea.org\/erasmus\/wp-content\/uploads\/sites\/20\/2023\/03\/ecole1_plafond.jpg\" alt=\"\" class=\"wp-image-139\" srcset=\"https:\/\/sites.cemea.org\/erasmus\/wp-content\/uploads\/sites\/20\/2023\/03\/ecole1_plafond.jpg 766w, https:\/\/sites.cemea.org\/erasmus\/wp-content\/uploads\/sites\/20\/2023\/03\/ecole1_plafond-279x300.jpg 279w\" sizes=\"auto, (max-width: 766px) 100vw, 766px\" \/><\/figure>\n\n\n\n<figure class=\"wp-block-image size-large\"><img loading=\"lazy\" decoding=\"async\" width=\"414\" height=\"750\" data-id=\"146\" src=\"https:\/\/sites.cemea.org\/erasmus\/wp-content\/uploads\/sites\/20\/2023\/03\/ecole1_porte_classe.jpeg\" alt=\"\" class=\"wp-image-146\" srcset=\"https:\/\/sites.cemea.org\/erasmus\/wp-content\/uploads\/sites\/20\/2023\/03\/ecole1_porte_classe.jpeg 414w, https:\/\/sites.cemea.org\/erasmus\/wp-content\/uploads\/sites\/20\/2023\/03\/ecole1_porte_classe-166x300.jpeg 166w\" sizes=\"auto, (max-width: 414px) 100vw, 414px\" \/><\/figure>\n\n\n\n<figure class=\"wp-block-image size-large\"><img loading=\"lazy\" decoding=\"async\" width=\"576\" height=\"1024\" data-id=\"144\" src=\"https:\/\/sites.cemea.org\/erasmus\/wp-content\/uploads\/sites\/20\/2023\/04\/ecole1_arbre-576x1024.jpeg\" alt=\"\" class=\"wp-image-144\" srcset=\"https:\/\/sites.cemea.org\/erasmus\/wp-content\/uploads\/sites\/20\/2023\/04\/ecole1_arbre-576x1024.jpeg 576w, https:\/\/sites.cemea.org\/erasmus\/wp-content\/uploads\/sites\/20\/2023\/04\/ecole1_arbre-169x300.jpeg 169w, https:\/\/sites.cemea.org\/erasmus\/wp-content\/uploads\/sites\/20\/2023\/04\/ecole1_arbre-768x1365.jpeg 768w, https:\/\/sites.cemea.org\/erasmus\/wp-content\/uploads\/sites\/20\/2023\/04\/ecole1_arbre-864x1536.jpeg 864w, https:\/\/sites.cemea.org\/erasmus\/wp-content\/uploads\/sites\/20\/2023\/04\/ecole1_arbre.jpeg 900w\" sizes=\"auto, (max-width: 576px) 100vw, 576px\" \/><\/figure>\n<\/figure>\n\n\n\n<p>J\u2019ai senti une attention particuli\u00e8re \u00e0 chaque individu et en m\u00eame temps une grande importance donn\u00e9e au collectif, notamment \u00e0 travers les projets.<\/p>\n\n\n\n<p>Il\u00e9ana, la maestra (et directrice adjointe) n\u2019appartient pas \u00e0 un mouvement p\u00e9dagogique. Elle a trouv\u00e9 tr\u00e8s int\u00e9ressant tout ce que nous avons dit sur les p\u00e9dagogies nouvelles. Sa pratique se rapproche beaucoup de ce que nous faisons \u00e0 l\u2019ICEM, par exemple, mais elle ne se base pas vraiment sur une th\u00e9orie. C\u2019est par la force des choses qu\u2019elle en est arriv\u00e9e \u00e0 mettre en place des projets, de l\u2019entraide entre les \u00e9l\u00e8ves, de la coop\u00e9ration. Elle l\u2019a fait parce qu\u2019elle s\u2019est dit que c\u2019\u00e9tait une solution pour permettre \u00e0 chacun de se sentir bien \u00e0 l\u2019\u00e9cole et par cons\u00e9quent d\u2019entrer dans les aprentissages.<\/p>\n\n\n\n<p>J\u2019ai discut\u00e9 un peu avec des \u00e9l\u00e8ves qui faisaient une bande-dessin\u00e9e et avec un petit gar\u00e7on qui m\u2019a expliqu\u00e9 qu\u2019il avait un parent fran\u00e7ais qui s\u2019appelait Pascal\u2026<\/p>\n\n\n\n<p>Je suis repartie avec une pile de petits journaux de l\u2019\u00e9cole et avec l\u2019envie de revenir et de d\u00e9couvrir de fa\u00e7on plus approfondie le fonctionnement de l\u2019\u00e9cole et celui de la ludoth\u00e8que.<\/p>\n\n\n\n<p>D\u2019ailleurs, Anna qui, en partant nous a offert des petites cartes po\u00e9tiques, aimerait bien, elle aussi, venir d\u00e9couvrir l\u2019\u00e9cole de Villeneuve d\u2019Allier, en Haute-Loire&#8230;<\/p>\n\n\n\n<p>Sylvie Choisnet<\/p>\n","protected":false},"excerpt":{"rendered":"<p class=\"post-excerpt\">Casa di Fico Il est 6 heures 42. \u00c0 c\u00f4t\u00e9 de moi, il y a le petit journal de l\u2019\u00e9cole&#8230;<\/p>\n","protected":false},"author":43,"featured_media":223,"comment_status":"open","ping_status":"open","sticky":false,"template":"","format":"standard","meta":{"footnotes":""},"categories":[1],"tags":[],"class_list":["post-82","post","type-post","status-publish","format-standard","has-post-thumbnail","hentry","category-non-classe"],"_links":{"self":[{"href":"https:\/\/sites.cemea.org\/erasmus\/wp-json\/wp\/v2\/posts\/82","targetHints":{"allow":["GET"]}}],"collection":[{"href":"https:\/\/sites.cemea.org\/erasmus\/wp-json\/wp\/v2\/posts"}],"about":[{"href":"https:\/\/sites.cemea.org\/erasmus\/wp-json\/wp\/v2\/types\/post"}],"author":[{"embeddable":true,"href":"https:\/\/sites.cemea.org\/erasmus\/wp-json\/wp\/v2\/users\/43"}],"replies":[{"embeddable":true,"href":"https:\/\/sites.cemea.org\/erasmus\/wp-json\/wp\/v2\/comments?post=82"}],"version-history":[{"count":3,"href":"https:\/\/sites.cemea.org\/erasmus\/wp-json\/wp\/v2\/posts\/82\/revisions"}],"predecessor-version":[{"id":226,"href":"https:\/\/sites.cemea.org\/erasmus\/wp-json\/wp\/v2\/posts\/82\/revisions\/226"}],"wp:featuredmedia":[{"embeddable":true,"href":"https:\/\/sites.cemea.org\/erasmus\/wp-json\/wp\/v2\/media\/223"}],"wp:attachment":[{"href":"https:\/\/sites.cemea.org\/erasmus\/wp-json\/wp\/v2\/media?parent=82"}],"wp:term":[{"taxonomy":"category","embeddable":true,"href":"https:\/\/sites.cemea.org\/erasmus\/wp-json\/wp\/v2\/categories?post=82"},{"taxonomy":"post_tag","embeddable":true,"href":"https:\/\/sites.cemea.org\/erasmus\/wp-json\/wp\/v2\/tags?post=82"}],"curies":[{"name":"wp","href":"https:\/\/api.w.org\/{rel}","templated":true}]}}