{"id":70,"date":"2023-03-30T08:06:36","date_gmt":"2023-03-30T06:06:36","guid":{"rendered":"https:\/\/sites.cemea.org\/erasmus\/?p=70"},"modified":"2023-04-06T22:16:15","modified_gmt":"2023-04-06T20:16:15","slug":"ma-journee-du-29-mars-a-modena","status":"publish","type":"post","link":"https:\/\/sites.cemea.org\/erasmus\/2023\/03\/30\/ma-journee-du-29-mars-a-modena\/","title":{"rendered":"Bologne 2023 Ecole Citadella \u00e0 Modena"},"content":{"rendered":"\n<p><\/p>\n\n\n<div class=\"wp-block-image\">\n<figure class=\"aligncenter size-full\"><img loading=\"lazy\" decoding=\"async\" width=\"512\" height=\"384\" src=\"https:\/\/sites.cemea.org\/erasmus\/wp-content\/uploads\/sites\/20\/2023\/03\/ecole1_entree.jpeg\" alt=\"\" class=\"wp-image-147\" srcset=\"https:\/\/sites.cemea.org\/erasmus\/wp-content\/uploads\/sites\/20\/2023\/03\/ecole1_entree.jpeg 512w, https:\/\/sites.cemea.org\/erasmus\/wp-content\/uploads\/sites\/20\/2023\/03\/ecole1_entree-300x225.jpeg 300w\" sizes=\"auto, (max-width: 512px) 100vw, 512px\" \/><\/figure><\/div>\n\n\n<p><strong>L\u2019organisation de l\u2019\u00e9cole<\/strong><\/p>\n\n\n\n<p>Nous sommes accueilli.e.s par la directrice adjointe, Ileana. Pour devenir directeur, il faut avoir enseign\u00e9 pendant 5 ans, passer un concours et, une fois nomm\u00e9, il n\u2019enseigne plus. Un directeur a la responsabilit\u00e9 d\u2019un ensemble d\u2019\u00e9coles.<\/p>\n\n\n<div class=\"wp-block-image\">\n<figure class=\"aligncenter size-full is-resized\"><img loading=\"lazy\" decoding=\"async\" src=\"https:\/\/sites.cemea.org\/erasmus\/wp-content\/uploads\/sites\/20\/2023\/03\/ecole1_enseignantes-1.jpg\" alt=\"\" class=\"wp-image-151\" width=\"445\" height=\"367\" srcset=\"https:\/\/sites.cemea.org\/erasmus\/wp-content\/uploads\/sites\/20\/2023\/03\/ecole1_enseignantes-1.jpg 735w, https:\/\/sites.cemea.org\/erasmus\/wp-content\/uploads\/sites\/20\/2023\/03\/ecole1_enseignantes-1-300x247.jpg 300w\" sizes=\"auto, (max-width: 445px) 100vw, 445px\" \/><\/figure><\/div>\n\n\n<p>Par exemple, la directrice de cette \u00e9cole est directrice de 5 \u00e9coles, 2 maternelles, 2 \u00e9l\u00e9mentaires et une \u00e9cole secondaire. Ses responsabilit\u00e9s comprennent s\u00e9curit\u00e9, p\u00e9dagogie, gestion, comptabilite&#8230; Cela permet une continuit\u00e9 didactique de la maternelle au coll\u00e8ge. Il y a dix ensembles d\u2019\u00e9coles sur la ville.<\/p>\n\n\n\n<p>La directrice a donc une adjointe qui est d\u00e9bord\u00e9e de boulot&nbsp;! C\u2019est elle qui g\u00e8re les projets de l\u2019\u00e9cole et anime l\u2019\u00e9quipe p\u00e9dagogique, en plus de ces 24 heures en classe.<\/p>\n\n\n\n<p><a><\/a> <strong>L\u2019\u00e9cole Citadella pace<\/strong><\/p>\n\n\n\n<p>Cette \u00e9cole, avec son caract\u00e8re multi-ethnique n\u2019est pas bien vue. Le ministre est intervenu \u00e0 la t\u00e9l\u00e9vision nationale r\u00e9cemment, pour dire qu\u2019il voulait v\u00e9rifier qui s\u2019inscrit dans l\u2019\u00e9cole pour qu\u2019il n\u2019y ait pas trop d\u2019\u00e9trangers. Le risque, c\u2019est que les italiens ne viennent pas dans cette \u00e9cole et qu\u2019elle devienne un ghetto.<\/p>\n\n\n\n<figure class=\"wp-block-gallery has-nested-images columns-default is-cropped wp-block-gallery-1 is-layout-flex wp-block-gallery-is-layout-flex\">\n<figure class=\"wp-block-image size-large\"><img loading=\"lazy\" decoding=\"async\" width=\"766\" height=\"824\" data-id=\"139\" src=\"https:\/\/sites.cemea.org\/erasmus\/wp-content\/uploads\/sites\/20\/2023\/03\/ecole1_plafond.jpg\" alt=\"\" class=\"wp-image-139\" srcset=\"https:\/\/sites.cemea.org\/erasmus\/wp-content\/uploads\/sites\/20\/2023\/03\/ecole1_plafond.jpg 766w, https:\/\/sites.cemea.org\/erasmus\/wp-content\/uploads\/sites\/20\/2023\/03\/ecole1_plafond-279x300.jpg 279w\" sizes=\"auto, (max-width: 766px) 100vw, 766px\" \/><\/figure>\n\n\n\n<figure class=\"wp-block-image size-large\"><img loading=\"lazy\" decoding=\"async\" width=\"711\" height=\"969\" data-id=\"145\" src=\"https:\/\/sites.cemea.org\/erasmus\/wp-content\/uploads\/sites\/20\/2023\/03\/ecole1_constitution.jpeg\" alt=\"\" class=\"wp-image-145\" srcset=\"https:\/\/sites.cemea.org\/erasmus\/wp-content\/uploads\/sites\/20\/2023\/03\/ecole1_constitution.jpeg 711w, https:\/\/sites.cemea.org\/erasmus\/wp-content\/uploads\/sites\/20\/2023\/03\/ecole1_constitution-220x300.jpeg 220w\" sizes=\"auto, (max-width: 711px) 100vw, 711px\" \/><\/figure>\n\n\n\n<figure class=\"wp-block-image size-large\"><img loading=\"lazy\" decoding=\"async\" width=\"576\" height=\"1024\" data-id=\"144\" src=\"https:\/\/sites.cemea.org\/erasmus\/wp-content\/uploads\/sites\/20\/2023\/04\/ecole1_arbre-576x1024.jpeg\" alt=\"\" class=\"wp-image-144\" srcset=\"https:\/\/sites.cemea.org\/erasmus\/wp-content\/uploads\/sites\/20\/2023\/04\/ecole1_arbre-576x1024.jpeg 576w, https:\/\/sites.cemea.org\/erasmus\/wp-content\/uploads\/sites\/20\/2023\/04\/ecole1_arbre-169x300.jpeg 169w, https:\/\/sites.cemea.org\/erasmus\/wp-content\/uploads\/sites\/20\/2023\/04\/ecole1_arbre-768x1365.jpeg 768w, https:\/\/sites.cemea.org\/erasmus\/wp-content\/uploads\/sites\/20\/2023\/04\/ecole1_arbre-864x1536.jpeg 864w, https:\/\/sites.cemea.org\/erasmus\/wp-content\/uploads\/sites\/20\/2023\/04\/ecole1_arbre.jpeg 900w\" sizes=\"auto, (max-width: 576px) 100vw, 576px\" \/><\/figure>\n<\/figure>\n\n\n\n<p>L\u2019\u00e9cole d\u00e9veloppe de nombreux projets int\u00e9ressants pour attirer les parents. Ceux-ci ont pu rentrer dans l\u2019\u00e9cole et voir que tout se passait bien. Des enfants des \u00e9coles Montessori ou autres \u00e9coles priv\u00e9es sont venus s\u2019inscrire ici.<\/p>\n\n\n\n<p>D\u2019autres \u00e9coles s\u00e9lectionnent les enfants, elles s\u2019arr\u00eatent d\u2019inscrire des enfants \u00e9trangers pour contr\u00f4ler leur nombre. Alors les enfants viennent ici. La directrice, cependant, rappelle aux familles leurs droits de fr\u00e9quenter l\u2019\u00e9cole de leur quartier, ce qui est plus facile pour s\u2019int\u00e9grer.<\/p>\n\n\n\n<p>Avant, il y avait 3 enfants \u00e9trangers par classe, maintenant ils repr\u00e9sentent la moiti\u00e9 de la classe, depuis que l\u2019\u00e9cole d\u00e9veloppe une politique de projet.<\/p>\n\n\n\n<p><strong>Les projets de l\u2019\u00e9cole<\/strong><\/p>\n\n\n\n<ul class=\"wp-block-list\">\n<li>Projet sur la lecture entre toutes les \u00e9coles de Mod\u00e8ne. Leur projet \u00e9tait le plus r\u00e9ussi (!) car ils ont fait des lectures dans toutes les langues. Des mamans ont lu des textes&nbsp;: en espagnol, arabe, des Philippines, du Ghana, etc. Elles ont offert le th\u00e9 \u00e0 tout le monde. A No\u00ebl, ils chantent des chants chr\u00e9tiens mais \u00e7a passe bien car toutes les familles savent qu\u2019elles sont respect\u00e9es, quelles que soient leurs religions et leurs origines.<\/li>\n\n\n\n<li>Projet journal&nbsp;: les \u00e9l\u00e8ves \u00e9crivent un petit journal avec l\u2019expertise d\u2019un journaliste, qui leur apprend comment choisir un article, mettre en page.<\/li>\n\n\n\n<li>Projet th\u00e9\u00e2tre&nbsp;: l\u2019\u00e9cole n\u2019a pas beaucoup d\u2019argent mais deux com\u00e9diens ont accept\u00e9 d\u2019intervenir, en ne touchant que la moiti\u00e9 de l\u2019argent pr\u00e9vu.<\/li>\n\n\n\n<li>Forum cin\u00e9ma&nbsp;: il y a une fiche pour chaque film, les enseignants apprennent aux \u00e9l\u00e8ves \u00e0 analyser le film, m\u00eame la publicit\u00e9 pour d\u00e9velopper leur esprit critique \u2013 \u00e9ducation aux medias.<\/li>\n<\/ul>\n\n\n\n<p><strong>Echanges<\/strong><\/p>\n\n\n\n<ul class=\"wp-block-list\">\n<li>Un enfant est arriv\u00e9 d\u2019une autre \u00e9cole avec des difficult\u00e9s relationnelles. Comment s\u2019est-il int\u00e9gr\u00e9&nbsp;? L\u2019enseignante l\u2019a accueilli et la coop\u00e9ration dans la classe a fait qu\u2019il ne se sent plus rejet\u00e9.<\/li>\n\n\n\n<li>P\u00e9dagogie coop\u00e9rative vs p\u00e9dagogie collaborative<\/li>\n<\/ul>\n\n\n\n<p>Dans la p\u00e9dagogie collaborative, chacun est impliqu\u00e9 dans le projet au m\u00eame niveau alors que dans la p\u00e9dagogie coop\u00e9rative, chacun agit selon ses moyens et l\u2019\u00e9l\u00e8ve qui a des difficult\u00e9s aura des t\u00e2ches plus simples \u00e0 effectuer. Elle pr\u00e9f\u00e8re parler de collaboration<\/p>\n\n\n\n<ul class=\"wp-block-list\">\n<li>Scolarisation des \u00e9l\u00e8ves handicap\u00e9s<\/li>\n<\/ul>\n\n\n\n<p>Si l\u2019\u00e9l\u00e8ve n\u2019a pas de grosses difficult\u00e9s scolaires, il est inclus dans une classe avec un enseignant de soutien, pour quelques heures en fonction des besoins. Il y a eu des coupes budg\u00e9taires&#8230;<\/p>\n\n\n\n<p>Si l\u2019\u00e9l\u00e8ve a un handicap plus important, il est scolaris\u00e9 dans la classe douce en petits groupes, avec un enseignant sp\u00e9cialis\u00e9.<\/p>\n\n\n\n<ul class=\"wp-block-list\">\n<li>Ecole publique ou priv\u00e9e<\/li>\n<\/ul>\n\n\n\n<p>Catholiques ou pas, les \u00e9coles priv\u00e9es ne re\u00e7oivent pas d\u2019aide de l\u2019\u00e9tat \u2013 c\u2019est dans la constitution -mais elles arrivent \u00e0 d\u00e9montrer qu\u2019elles font la m\u00eame chose et \u00e0 recevoir des subventions.<\/p>\n\n\n\n<p>Il y a des groupes de parents \u00e9lus au conseil d\u2019administration de l\u2019ensemble d\u2019\u00e9coles qui soutiennent l\u2019\u00e9cole publique et peuvent faire pression sur les institutions.<\/p>\n\n\n\n<ul class=\"wp-block-list\">\n<li>Formation des enseignants<\/li>\n<\/ul>\n\n\n\n<p>La formation initiale est nationale. La formation continue est assur\u00e9e par les r\u00e9gions selon leurs moyens et leurs orientations mais suivant des standards nationaux.<\/p>\n\n\n\n<p>Nous aurions pu approfondir certains sujets, pour mieux connaitre le syst\u00e8me \u00e9ducatif, la formation des enseignants, l\u2019organisation de la scolarisation des \u00e9l\u00e8ves handicap\u00e9s&#8230;<\/p>\n\n\n\n<p>N\u00e9anmoins, cette s\u00e9ance a \u00e9t\u00e9 fort riche et les enseignantes rencontr\u00e9es ont des pratiques port\u00e9es par des valeurs d\u2019humanit\u00e9 proches de celles d\u00e9fendues par le GFEN. Elles luttent contre les fatalismes sociaux, soci\u00e9taux, familiaux et leur \u00e9cole est <em>la citt\u00e0 della speranza<\/em>&nbsp;!<\/p>\n\n\n\n<p>Isabelle Lardon<\/p>\n","protected":false},"excerpt":{"rendered":"<p class=\"post-excerpt\">L\u2019organisation de l\u2019\u00e9cole Nous sommes accueilli.e.s par la directrice adjointe, Ileana. Pour devenir directeur, il faut avoir enseign\u00e9 pendant 5&#8230;<\/p>\n","protected":false},"author":43,"featured_media":153,"comment_status":"open","ping_status":"open","sticky":false,"template":"","format":"standard","meta":{"footnotes":""},"categories":[1],"tags":[],"class_list":["post-70","post","type-post","status-publish","format-standard","has-post-thumbnail","hentry","category-non-classe"],"_links":{"self":[{"href":"https:\/\/sites.cemea.org\/erasmus\/wp-json\/wp\/v2\/posts\/70","targetHints":{"allow":["GET"]}}],"collection":[{"href":"https:\/\/sites.cemea.org\/erasmus\/wp-json\/wp\/v2\/posts"}],"about":[{"href":"https:\/\/sites.cemea.org\/erasmus\/wp-json\/wp\/v2\/types\/post"}],"author":[{"embeddable":true,"href":"https:\/\/sites.cemea.org\/erasmus\/wp-json\/wp\/v2\/users\/43"}],"replies":[{"embeddable":true,"href":"https:\/\/sites.cemea.org\/erasmus\/wp-json\/wp\/v2\/comments?post=70"}],"version-history":[{"count":4,"href":"https:\/\/sites.cemea.org\/erasmus\/wp-json\/wp\/v2\/posts\/70\/revisions"}],"predecessor-version":[{"id":154,"href":"https:\/\/sites.cemea.org\/erasmus\/wp-json\/wp\/v2\/posts\/70\/revisions\/154"}],"wp:featuredmedia":[{"embeddable":true,"href":"https:\/\/sites.cemea.org\/erasmus\/wp-json\/wp\/v2\/media\/153"}],"wp:attachment":[{"href":"https:\/\/sites.cemea.org\/erasmus\/wp-json\/wp\/v2\/media?parent=70"}],"wp:term":[{"taxonomy":"category","embeddable":true,"href":"https:\/\/sites.cemea.org\/erasmus\/wp-json\/wp\/v2\/categories?post=70"},{"taxonomy":"post_tag","embeddable":true,"href":"https:\/\/sites.cemea.org\/erasmus\/wp-json\/wp\/v2\/tags?post=70"}],"curies":[{"name":"wp","href":"https:\/\/api.w.org\/{rel}","templated":true}]}}