{"id":64,"date":"2023-03-30T08:00:30","date_gmt":"2023-03-30T06:00:30","guid":{"rendered":"https:\/\/sites.cemea.org\/erasmus\/?p=64"},"modified":"2023-04-03T23:31:01","modified_gmt":"2023-04-03T21:31:01","slug":"association-vibra-se-rencontrer-autrement","status":"publish","type":"post","link":"https:\/\/sites.cemea.org\/erasmus\/2023\/03\/30\/association-vibra-se-rencontrer-autrement\/","title":{"rendered":"Association Vibra, se rencontrer autrement"},"content":{"rendered":"\n<p>Les membres de l\u2019association nous ont propos\u00e9 de faire connaissance autour d\u2019un repas. Se rencontrer, \u00e9changer simplement en partageant une pizza a \u00e9t\u00e9 tr\u00e8s agr\u00e9able. Cette mise en contact de mani\u00e8re informelle a \u00e9t\u00e9 tr\u00e8s agr\u00e9able. Nous avons aussi gout\u00e9 des g\u00e2teaux \u00e0 la cr\u00e8me, choisis sp\u00e9cialement pour nous.<\/p>\n\n\n\n<p>Vibra r\u00e9unit des personnes, qui font face \u00e0 des probl\u00e8mes de sant\u00e9 mentale. Ils se consid\u00e8rent comme des personnes ressources pour parler de la sant\u00e9 mentale ou accompagner des patients, en compl\u00e9mentarit\u00e9 des m\u00e9decins. Les objectifs de l\u2019association sont de lutter contre la stigmatisation et faire sortir la sant\u00e9 mentale des h\u00f4pitaux pour que ce sujet puisse \u00eatre discut\u00e9 dans la soci\u00e9t\u00e9.<\/p>\n\n\n<div class=\"wp-block-image\">\n<figure class=\"aligncenter size-full is-resized\"><img loading=\"lazy\" decoding=\"async\" src=\"https:\/\/sites.cemea.org\/erasmus\/wp-content\/uploads\/sites\/20\/2023\/03\/IMG_2092.jpg\" alt=\"\" class=\"wp-image-132\" width=\"480\" height=\"360\" srcset=\"https:\/\/sites.cemea.org\/erasmus\/wp-content\/uploads\/sites\/20\/2023\/03\/IMG_2092.jpg 640w, https:\/\/sites.cemea.org\/erasmus\/wp-content\/uploads\/sites\/20\/2023\/03\/IMG_2092-300x225.jpg 300w\" sizes=\"auto, (max-width: 480px) 100vw, 480px\" \/><\/figure><\/div>\n\n\n<p>Apr\u00e8s le repas, ils et elles nous ont propos\u00e9 de faire un podcast (une programme radio en fran\u00e7ais et italien, durant lequel nous avons \u00e9chang\u00e9 sur ce que font nos associations). Alberto \u00e9tait l\u2019animateur et Daniele \u00e9tait \u00e0 la technique. Tous deux sont des anciens volontaires en service civile propos\u00e9s par ARCI. C\u2019est le cas de nombreux membres de l\u2019association.Serena de Arci a commenc\u00e9 et a expliqu\u00e9 comment Arci et Vibra associent culture et sant\u00e9 mentale pour travailler sur le bien \u00eatre (acc\u00e9der \u00e0 la sant\u00e9 par la culture).<\/p>\n\n\n\n<p>Ils travaillent souvent avec les autorit\u00e9s locales de sant\u00e9 (ou de services sociaux) pour organiser des \u00e9v\u00e9nements culturels permettant de toucher tous les \u00e2ges. Alberto a explqu\u00e9 qu\u2019ils s\u2019adressent \u00e0 diff\u00e9rents publics enfants, adultes, professionnels.<\/p>\n\n\n<div class=\"wp-block-image\">\n<figure class=\"aligncenter size-full is-resized\"><img loading=\"lazy\" decoding=\"async\" src=\"https:\/\/sites.cemea.org\/erasmus\/wp-content\/uploads\/sites\/20\/2023\/03\/IMG_2097-rotated.jpg\" alt=\"\" class=\"wp-image-131\" width=\"360\" height=\"480\" srcset=\"https:\/\/sites.cemea.org\/erasmus\/wp-content\/uploads\/sites\/20\/2023\/03\/IMG_2097-rotated.jpg 480w, https:\/\/sites.cemea.org\/erasmus\/wp-content\/uploads\/sites\/20\/2023\/03\/IMG_2097-225x300.jpg 225w\" sizes=\"auto, (max-width: 360px) 100vw, 360px\" \/><\/figure><\/div>\n\n\n<p>En plus de l\u2019activit\u00e9 radio, ils ont deux \u00e9v\u00e9nements phares&nbsp;: la semaine de la sant\u00e9 mentale \u00ab&nbsp;ouvrons ces portes&nbsp;\u00bb et le festival \u00ab&nbsp;Mat&nbsp;\u00bb (qui veut dire fou en dialecte).<\/p>\n\n\n\n<p>La semaine de la sant\u00e9 mentale commence pour mardi gras, o\u00f9 les patients et les personnels de sant\u00e9 d\u00e9filent pour le carnaval, c\u2019est l\u2019occasion d\u2019essayer de rencontrer les gens et d\u2019essayer de les faire venir, de les titiller. Puis la semaine se d\u00e9roule avec un concours de court m\u00e9trage. Des personnes vont faire des interventions dans les \u00e9coles pour arriver \u00e0 faire un petit film avec les jeunes. C\u2019est l\u2019occasion de d\u00e9couvrir le langage cin\u00e9matographique et de s\u2019interroger sur la sant\u00e9 mentale<\/p>\n\n\n\n<p>Le festival Mat est aussi un festival de film, mais il propose aussi des conf\u00e9rences sur des th\u00e9matiques incluant la sant\u00e9 mentale&nbsp;: habiter et sant\u00e9 mentale, travail et sant\u00e9 mentale, guerre et sant\u00e9 mentale\u2026Parler de sant\u00e9 mentale \u00e0 travers une expression artistique permet de toucher des personnes \u00e9loign\u00e9es de ce questionnement. Des financements priv\u00e9s et la ville de Mod\u00e8ne soutiennent cet \u00e9v\u00e9nement.<\/p>\n\n\n\n<p>L\u2019\u00e9mission de radio s\u2019est termin\u00e9 par des questions sur notre venue \u00e0 Mod\u00e8ne et Bologne et nous avons dit au-revoir \u00e0 nos h\u00f4tes. Belle rencontre.<\/p>\n\n\n\n<p>Isabelle Palanchon,<\/p>\n","protected":false},"excerpt":{"rendered":"<p class=\"post-excerpt\">Les membres de l\u2019association nous ont propos\u00e9 de faire connaissance autour d\u2019un repas. Se rencontrer, \u00e9changer simplement en partageant une&#8230;<\/p>\n","protected":false},"author":43,"featured_media":133,"comment_status":"open","ping_status":"open","sticky":false,"template":"","format":"standard","meta":{"footnotes":""},"categories":[1],"tags":[],"class_list":["post-64","post","type-post","status-publish","format-standard","has-post-thumbnail","hentry","category-non-classe"],"_links":{"self":[{"href":"https:\/\/sites.cemea.org\/erasmus\/wp-json\/wp\/v2\/posts\/64","targetHints":{"allow":["GET"]}}],"collection":[{"href":"https:\/\/sites.cemea.org\/erasmus\/wp-json\/wp\/v2\/posts"}],"about":[{"href":"https:\/\/sites.cemea.org\/erasmus\/wp-json\/wp\/v2\/types\/post"}],"author":[{"embeddable":true,"href":"https:\/\/sites.cemea.org\/erasmus\/wp-json\/wp\/v2\/users\/43"}],"replies":[{"embeddable":true,"href":"https:\/\/sites.cemea.org\/erasmus\/wp-json\/wp\/v2\/comments?post=64"}],"version-history":[{"count":2,"href":"https:\/\/sites.cemea.org\/erasmus\/wp-json\/wp\/v2\/posts\/64\/revisions"}],"predecessor-version":[{"id":135,"href":"https:\/\/sites.cemea.org\/erasmus\/wp-json\/wp\/v2\/posts\/64\/revisions\/135"}],"wp:featuredmedia":[{"embeddable":true,"href":"https:\/\/sites.cemea.org\/erasmus\/wp-json\/wp\/v2\/media\/133"}],"wp:attachment":[{"href":"https:\/\/sites.cemea.org\/erasmus\/wp-json\/wp\/v2\/media?parent=64"}],"wp:term":[{"taxonomy":"category","embeddable":true,"href":"https:\/\/sites.cemea.org\/erasmus\/wp-json\/wp\/v2\/categories?post=64"},{"taxonomy":"post_tag","embeddable":true,"href":"https:\/\/sites.cemea.org\/erasmus\/wp-json\/wp\/v2\/tags?post=64"}],"curies":[{"name":"wp","href":"https:\/\/api.w.org\/{rel}","templated":true}]}}