{"id":44,"date":"2023-03-29T22:57:59","date_gmt":"2023-03-29T20:57:59","guid":{"rendered":"https:\/\/sites.cemea.org\/erasmus\/?p=44"},"modified":"2023-04-03T23:02:14","modified_gmt":"2023-04-03T21:02:14","slug":"depuis-la-casa-del-fico-ce-que-je-retiens-de-la-journee-du-mardi-28-mars-2023","status":"publish","type":"post","link":"https:\/\/sites.cemea.org\/erasmus\/2023\/03\/29\/depuis-la-casa-del-fico-ce-que-je-retiens-de-la-journee-du-mardi-28-mars-2023\/","title":{"rendered":"Depuis la Casa del Fico, ce que je retiens de la journ\u00e9e du mardi 28 mars 2023"},"content":{"rendered":"\n<p><\/p>\n\n\n<div class=\"wp-block-image\">\n<figure class=\"aligncenter size-full is-resized\"><img loading=\"lazy\" decoding=\"async\" src=\"https:\/\/sites.cemea.org\/erasmus\/wp-content\/uploads\/sites\/20\/2023\/03\/IMG-20230328-WA0089.jpg\" alt=\"\" class=\"wp-image-48\" width=\"512\" height=\"384\" srcset=\"https:\/\/sites.cemea.org\/erasmus\/wp-content\/uploads\/sites\/20\/2023\/03\/IMG-20230328-WA0089.jpg 1024w, https:\/\/sites.cemea.org\/erasmus\/wp-content\/uploads\/sites\/20\/2023\/03\/IMG-20230328-WA0089-300x225.jpg 300w, https:\/\/sites.cemea.org\/erasmus\/wp-content\/uploads\/sites\/20\/2023\/03\/IMG-20230328-WA0089-768x576.jpg 768w\" sizes=\"auto, (max-width: 512px) 100vw, 512px\" \/><\/figure><\/div>\n\n\n<p>J\u2019ai \u00e9t\u00e9 frapp\u00e9e par l\u2019engagement de toutes les personnes que nous avons rencontr\u00e9es. Toutes avaient ce point commun&nbsp;: elles \u00e9taient anim\u00e9es par des valeurs fortes.<\/p>\n\n\n\n<p>J\u2019ai rarement \u00e9t\u00e9 en contact avec tant de g\u00e9n\u00e9rosit\u00e9. Tous et toutes travaillent, sans presque aucune aide de l\u2019\u00e9tat, pour le bien commun. Et ils semblent le faire avec joie. Ils sont admiratifs de tous les avantages que nous avons en France _ \u00ab&nbsp;un altro mondo&nbsp;\u00bb (un autre monde), a dit Federica \u00e0 Porta Pratello _ mais personne ne s\u2019est plaint de sa situation. Ils regrettent que le contexte ne leur soit pas plus favorable mais ils ne se d\u00e9couragent pas. Valentina, de la Fattoria m\u2019a dit que les projets avan\u00e7aient \u00ab&nbsp;piano, piano&nbsp;\u00bb mais qu\u2019ils continuaient malgr\u00e9 tout. Ils savent ce qu\u2019ils veulent, ils sont forts de leurs valeurs et de la conviction que leur action est utile.<\/p>\n\n\n\n<p>Cette \u00e9nergie joyeuse est tr\u00e8s encourageante&nbsp;: il est possible m\u00eame avec peu de moyens, de faire des belles choses, si on y croit, si on est g\u00e9n\u00e9reux et si on n\u2019est pas isol\u00e9. Parce que, cela para\u00eet un lieu commun mais oui&nbsp;: l\u2019union fait la force. Le restaurant associatif, Porta Pazienza, qui lutte contre la mafia en pr\u00e9parant des repas \u00e0 base de produits locaux en est la preuve&nbsp;!<\/p>\n\n\n<div class=\"wp-block-image\">\n<figure class=\"aligncenter size-full is-resized\"><img loading=\"lazy\" decoding=\"async\" src=\"https:\/\/sites.cemea.org\/erasmus\/wp-content\/uploads\/sites\/20\/2023\/03\/IMG-20230328-WA0097.jpg\" alt=\"\" class=\"wp-image-47\" width=\"384\" height=\"512\" srcset=\"https:\/\/sites.cemea.org\/erasmus\/wp-content\/uploads\/sites\/20\/2023\/03\/IMG-20230328-WA0097.jpg 768w, https:\/\/sites.cemea.org\/erasmus\/wp-content\/uploads\/sites\/20\/2023\/03\/IMG-20230328-WA0097-225x300.jpg 225w\" sizes=\"auto, (max-width: 384px) 100vw, 384px\" \/><\/figure><\/div>\n\n\n<p>\u00c9videmment, il faudrait passer du temps en immersion dans le quotidien de ces associations pour en avoir une vision plus objective et plus exhaustive. Une autre fois peut-\u00eatre\u2026<\/p>\n\n\n\n<p>Enfin, il y a une autre chose importante que je retiens de cette journ\u00e9e.<\/p>\n\n\n\n<p>Le matin, pendant la pr\u00e9sentation de nos associations, j\u2019ai pris conscience de ma m\u00e9connaissance des CEMEA, du GFEN et du Secours Populaire et j\u2019ai \u00e9t\u00e9 tr\u00e8s contente de les d\u00e9couvrir.<\/p>\n\n\n\n<p>Ce voyage est aussi une occasion de cr\u00e9er des liens entre nous, de voir comment nos actions peuvent se compl\u00e9ter et s\u2019enrichir mutuellement.<\/p>\n\n\n\n<p>La coop\u00e9ration entre association fonctionne, les personnes que nous avons rencontr\u00e9s hier nous l\u2019ont bien montr\u00e9.<\/p>\n\n\n\n<p>Il faut s\u2019en inspirer.<\/p>\n\n\n\n<p><em>Sylvie Choisnet<\/em><\/p>\n\n\n\n<p><em>ICEM<\/em><\/p>\n\n\n<div class=\"wp-block-image\">\n<figure class=\"aligncenter size-full\"><img loading=\"lazy\" decoding=\"async\" width=\"522\" height=\"1024\" src=\"https:\/\/sites.cemea.org\/erasmus\/wp-content\/uploads\/sites\/20\/2023\/03\/IMG-20230328-WA0008.jpg\" alt=\"\" class=\"wp-image-46\" srcset=\"https:\/\/sites.cemea.org\/erasmus\/wp-content\/uploads\/sites\/20\/2023\/03\/IMG-20230328-WA0008.jpg 522w, https:\/\/sites.cemea.org\/erasmus\/wp-content\/uploads\/sites\/20\/2023\/03\/IMG-20230328-WA0008-153x300.jpg 153w\" sizes=\"auto, (max-width: 522px) 100vw, 522px\" \/><\/figure><\/div>","protected":false},"excerpt":{"rendered":"<p class=\"post-excerpt\">J\u2019ai \u00e9t\u00e9 frapp\u00e9e par l\u2019engagement de toutes les personnes que nous avons rencontr\u00e9es. Toutes avaient ce point commun&nbsp;: elles \u00e9taient&#8230;<\/p>\n","protected":false},"author":43,"featured_media":45,"comment_status":"open","ping_status":"open","sticky":false,"template":"","format":"standard","meta":{"footnotes":""},"categories":[1],"tags":[],"class_list":["post-44","post","type-post","status-publish","format-standard","has-post-thumbnail","hentry","category-non-classe"],"_links":{"self":[{"href":"https:\/\/sites.cemea.org\/erasmus\/wp-json\/wp\/v2\/posts\/44","targetHints":{"allow":["GET"]}}],"collection":[{"href":"https:\/\/sites.cemea.org\/erasmus\/wp-json\/wp\/v2\/posts"}],"about":[{"href":"https:\/\/sites.cemea.org\/erasmus\/wp-json\/wp\/v2\/types\/post"}],"author":[{"embeddable":true,"href":"https:\/\/sites.cemea.org\/erasmus\/wp-json\/wp\/v2\/users\/43"}],"replies":[{"embeddable":true,"href":"https:\/\/sites.cemea.org\/erasmus\/wp-json\/wp\/v2\/comments?post=44"}],"version-history":[{"count":2,"href":"https:\/\/sites.cemea.org\/erasmus\/wp-json\/wp\/v2\/posts\/44\/revisions"}],"predecessor-version":[{"id":118,"href":"https:\/\/sites.cemea.org\/erasmus\/wp-json\/wp\/v2\/posts\/44\/revisions\/118"}],"wp:featuredmedia":[{"embeddable":true,"href":"https:\/\/sites.cemea.org\/erasmus\/wp-json\/wp\/v2\/media\/45"}],"wp:attachment":[{"href":"https:\/\/sites.cemea.org\/erasmus\/wp-json\/wp\/v2\/media?parent=44"}],"wp:term":[{"taxonomy":"category","embeddable":true,"href":"https:\/\/sites.cemea.org\/erasmus\/wp-json\/wp\/v2\/categories?post=44"},{"taxonomy":"post_tag","embeddable":true,"href":"https:\/\/sites.cemea.org\/erasmus\/wp-json\/wp\/v2\/tags?post=44"}],"curies":[{"name":"wp","href":"https:\/\/api.w.org\/{rel}","templated":true}]}}