{"id":38,"date":"2023-03-29T15:44:05","date_gmt":"2023-03-29T13:44:05","guid":{"rendered":"https:\/\/sites.cemea.org\/erasmus\/?p=38"},"modified":"2023-04-03T22:40:56","modified_gmt":"2023-04-03T20:40:56","slug":"porta-portello-un-lieu-symbolique-a-proteger","status":"publish","type":"post","link":"https:\/\/sites.cemea.org\/erasmus\/2023\/03\/29\/porta-portello-un-lieu-symbolique-a-proteger\/","title":{"rendered":"Porta Portello\u00a0: un lieu symbolique \u00e0 prot\u00e9ger"},"content":{"rendered":"\n<p>En 2018, la municipalit\u00e9 de Bologne a lanc\u00e9 des projets pour les asso. Porta Portello est n\u00e9 dans ce cadre&nbsp;; il y a des assos tr\u00e8s diff\u00e9rentes&nbsp;qui se sont mise ensemble.<\/p>\n\n\n\n<p>Cadre politique&nbsp;: c\u2019\u00e9tait l\u2019\u00e9poque de Salvini avec 3 r\u00e9alit\u00e9s dans les associations de terrain&nbsp;: la gauche (comme ARCI), les associations  catholiques et les \u00ab&nbsp;autonomes&nbsp;\u00bb &#8211; \u00ab&nbsp;La coop\u00e9ration en mouvement&nbsp;\u00bb.<\/p>\n\n\n\n<p>Une r\u00e9ponse politico-culturelle \u00e0 la politique de migration et les drames qu&rsquo;elle a g\u00e9n\u00e9r\u00e9s. Puis d\u2019autres associations s\u2019y sont associ\u00e9es. Culturelle\/sociale\/accueil des migrants. On y ajoutera l\u2019\u00e9ducation\/cin\u00e9ma\/livres\/th\u00e9\u00e2tre<\/p>\n\n\n\n<figure class=\"wp-block-image size-full\"><img loading=\"lazy\" decoding=\"async\" width=\"800\" height=\"360\" src=\"https:\/\/sites.cemea.org\/erasmus\/wp-content\/uploads\/sites\/20\/2023\/04\/cour_porta1.jpg\" alt=\"\" class=\"wp-image-109\" srcset=\"https:\/\/sites.cemea.org\/erasmus\/wp-content\/uploads\/sites\/20\/2023\/04\/cour_porta1.jpg 800w, https:\/\/sites.cemea.org\/erasmus\/wp-content\/uploads\/sites\/20\/2023\/04\/cour_porta1-300x135.jpg 300w, https:\/\/sites.cemea.org\/erasmus\/wp-content\/uploads\/sites\/20\/2023\/04\/cour_porta1-768x346.jpg 768w\" sizes=\"auto, (max-width: 800px) 100vw, 800px\" \/><\/figure>\n\n\n\n<p>L\u2019arriv\u00e9e du COVID a emp\u00e9ch\u00e9 l\u2019extension du projet. En 2020 la cour a \u00e9t\u00e9 ouverte aux \u00e9tudiants (co-working). Les activit\u00e9s culturelles \u00e9taient importantes pour financer les activit\u00e9s de bateaux ONG pour sauver les migrants (donc tr\u00e8s politiquement engag\u00e9s).<\/p>\n\n\n\n<p>Pendant le COVID, il y a des psychologues pour les \u00e9migr\u00e9s mais aussi pour les personnes en pr\u00e9carit\u00e9 mais \u00e9galement pour les adolescents perturb\u00e9s par la situation COVID (difficult\u00e9s familiales). Dans le quartier, il y a beaucoup d\u2019\u00e9tablissements scolaires du 1<sup>er<\/sup> et 2<sup>nd<\/sup> degr\u00e9.<\/p>\n\n\n<div class=\"wp-block-image\">\n<figure class=\"aligncenter size-full\"><img loading=\"lazy\" decoding=\"async\" width=\"512\" height=\"384\" src=\"https:\/\/sites.cemea.org\/erasmus\/wp-content\/uploads\/sites\/20\/2023\/03\/porta_portello2.png\" alt=\"\" class=\"wp-image-107\" srcset=\"https:\/\/sites.cemea.org\/erasmus\/wp-content\/uploads\/sites\/20\/2023\/03\/porta_portello2.png 512w, https:\/\/sites.cemea.org\/erasmus\/wp-content\/uploads\/sites\/20\/2023\/03\/porta_portello2-300x225.png 300w\" sizes=\"auto, (max-width: 512px) 100vw, 512px\" \/><\/figure><\/div>\n\n\n<p>Ce lieu \u00e0 l\u2019origine \u00e9tait une mairie de quartier&nbsp;: il reste encore des bureaux socio-\u00e9ducatifs, l\u2019accueil p\u00e9ri-scolaire. L\u2019histoire de ce lieu&nbsp;: un couvent mais Napol\u00e9on a transform\u00e9 cela. Pendant la guerre, une \u00e9cole pour enfants juifs y avait \u00e9t\u00e9 cr\u00e9\u00e9e suite aux lois raciales de Mussolini, donc c\u2019est un lieu de m\u00e9moire. Apr\u00e8s la guerre, on y a accueilli des personnes sans abri. Cette m\u00e9moire est importante.<\/p>\n\n\n\n<p>ANPI (partisans italiens) est devenue une asso anti-fasciste \u2013 f\u00eate du 25 avril. L\u2019ANPI s\u2019occupe de la comm\u00e9moration de la r\u00e9sistance antifascite. Le IL CARCERO d\u00e9di\u00e9 aux homosexuels&nbsp;: pr\u00e9sentation des livres, des calendriers \u00e0 th\u00e8me (cette ann\u00e9e le cin\u00e9ma). Cette asso est n\u00e9e grace \u00e0 des mamans qui voulaient transmettre la m\u00e9moire via les chants de r\u00e9sistance&nbsp;: pr\u00e9sentation lors de la f\u00eate de quartier. Le 25 avril&nbsp;: lib\u00e9ration de l\u2019Italie (Bologne le 21). Cela se poursuit par diverses manifestations&nbsp;: livres<\/p>\n\n\n\n<p>Ici on h\u00e9berge, il y a un co-working (\u00e7a fid\u00e9lise).&nbsp;Mais pas de subvention d\u2019\u00e9tat&nbsp;; peu de m\u00e9sc\u00e8ne mais des actions men\u00e9es qui apprtent de l\u2019argent. On se cotise mais l\u2019adh\u00e9sion est tr\u00e8s libre avec un minimum.<\/p>\n\n\n\n<p>Des salari\u00e9s&nbsp;: quelques-uns mais c\u2019est le lieu partag\u00e9 qui f\u00e9d\u00e8re l\u2019ensemble. Un petit loyer par asso qui permet de financer les assos.<\/p>\n\n\n<div class=\"wp-block-image wp-duotone-unset-1\">\n<figure class=\"aligncenter is-resized\"><img loading=\"lazy\" decoding=\"async\" src=\"https:\/\/sites.cemea.org\/erasmus\/wp-content\/uploads\/sites\/20\/2023\/03\/equipe_ARCI.jpeg\" alt=\"\" class=\"wp-image-113\" width=\"512\" height=\"384\" srcset=\"https:\/\/sites.cemea.org\/erasmus\/wp-content\/uploads\/sites\/20\/2023\/03\/equipe_ARCI.jpeg 1024w, https:\/\/sites.cemea.org\/erasmus\/wp-content\/uploads\/sites\/20\/2023\/03\/equipe_ARCI-300x225.jpeg 300w, https:\/\/sites.cemea.org\/erasmus\/wp-content\/uploads\/sites\/20\/2023\/03\/equipe_ARCI-768x576.jpeg 768w\" sizes=\"auto, (max-width: 512px) 100vw, 512px\" \/><\/figure><\/div>\n\n\n<p>Sarah&nbsp;: la manager de ce lieu coop\u00e9ratif \u2013 permet l\u2019accueil et la coordination des lieux.<\/p>\n\n\n\n<p>ARCI a g\u00e9r\u00e9 des centres de loisirs couverts financi\u00e8rement par les familles) . Certains centres r\u00e9pondent \u00e0 des appels d\u2019offres avec participation municipale, c\u2019est le cas ici. Cela oblige \u00e0 accueillir tous les enfants&nbsp;: familles en difficult\u00e9(gratuit\u00e9).\/handicap\u00e9 . Un animateur pour 20 enfants. \u00e9ducateurs form\u00e9s (trois ann\u00e9es). La mairie demande cette maitrise professionnelle. 30 enfants de 5 \u00e0 10 ans&nbsp; ont \u00e9t\u00e9 accueillis.<\/p>\n\n\n\n<p>La\u00efcit\u00e9&nbsp;: en Italie, ce n\u2019est pas un probl\u00e8me m\u00eame si l\u2019\u00e9glise est pr\u00e9gnante. L\u2019\u00e9cole est la\u00efque mais on d\u00e9fend la pluralit\u00e9 des religions. Le concordat entre l\u2019\u00e9glise et l\u2019\u00e9tat r\u00e9nov\u00e9 r\u00e9cemment donne \u00e0 l\u2019\u00e9glise catholique des facilit\u00e9s mais les religieux catholiques sont pay\u00e9s par l\u2019\u00e9tat et l\u2019\u00e9ducation religieuse fait partie de la culture italienne.<\/p>\n\n\n\n<figure class=\"wp-block-image size-full\"><img loading=\"lazy\" decoding=\"async\" width=\"800\" height=\"361\" src=\"https:\/\/sites.cemea.org\/erasmus\/wp-content\/uploads\/sites\/20\/2023\/04\/ARCI_cercle1.jpg\" alt=\"\" class=\"wp-image-115\" srcset=\"https:\/\/sites.cemea.org\/erasmus\/wp-content\/uploads\/sites\/20\/2023\/04\/ARCI_cercle1.jpg 800w, https:\/\/sites.cemea.org\/erasmus\/wp-content\/uploads\/sites\/20\/2023\/04\/ARCI_cercle1-300x135.jpg 300w, https:\/\/sites.cemea.org\/erasmus\/wp-content\/uploads\/sites\/20\/2023\/04\/ARCI_cercle1-768x347.jpg 768w\" sizes=\"auto, (max-width: 800px) 100vw, 800px\" \/><\/figure>\n\n\n\n<p><\/p>\n","protected":false},"excerpt":{"rendered":"<p class=\"post-excerpt\">En 2018, la municipalit\u00e9 de Bologne a lanc\u00e9 des projets pour les asso. Porta Portello est n\u00e9 dans ce cadre&nbsp;;&#8230;<\/p>\n","protected":false},"author":43,"featured_media":41,"comment_status":"open","ping_status":"open","sticky":false,"template":"","format":"standard","meta":{"footnotes":""},"categories":[1],"tags":[],"class_list":["post-38","post","type-post","status-publish","format-standard","has-post-thumbnail","hentry","category-non-classe"],"_links":{"self":[{"href":"https:\/\/sites.cemea.org\/erasmus\/wp-json\/wp\/v2\/posts\/38","targetHints":{"allow":["GET"]}}],"collection":[{"href":"https:\/\/sites.cemea.org\/erasmus\/wp-json\/wp\/v2\/posts"}],"about":[{"href":"https:\/\/sites.cemea.org\/erasmus\/wp-json\/wp\/v2\/types\/post"}],"author":[{"embeddable":true,"href":"https:\/\/sites.cemea.org\/erasmus\/wp-json\/wp\/v2\/users\/43"}],"replies":[{"embeddable":true,"href":"https:\/\/sites.cemea.org\/erasmus\/wp-json\/wp\/v2\/comments?post=38"}],"version-history":[{"count":5,"href":"https:\/\/sites.cemea.org\/erasmus\/wp-json\/wp\/v2\/posts\/38\/revisions"}],"predecessor-version":[{"id":116,"href":"https:\/\/sites.cemea.org\/erasmus\/wp-json\/wp\/v2\/posts\/38\/revisions\/116"}],"wp:featuredmedia":[{"embeddable":true,"href":"https:\/\/sites.cemea.org\/erasmus\/wp-json\/wp\/v2\/media\/41"}],"wp:attachment":[{"href":"https:\/\/sites.cemea.org\/erasmus\/wp-json\/wp\/v2\/media?parent=38"}],"wp:term":[{"taxonomy":"category","embeddable":true,"href":"https:\/\/sites.cemea.org\/erasmus\/wp-json\/wp\/v2\/categories?post=38"},{"taxonomy":"post_tag","embeddable":true,"href":"https:\/\/sites.cemea.org\/erasmus\/wp-json\/wp\/v2\/tags?post=38"}],"curies":[{"name":"wp","href":"https:\/\/api.w.org\/{rel}","templated":true}]}}