{"id":34,"date":"2023-03-31T23:25:50","date_gmt":"2023-03-31T21:25:50","guid":{"rendered":"https:\/\/sites.cemea.org\/erasmus\/?p=34"},"modified":"2023-04-06T22:38:47","modified_gmt":"2023-04-06T20:38:47","slug":"peripeties-de-voyage","status":"publish","type":"post","link":"https:\/\/sites.cemea.org\/erasmus\/2023\/03\/31\/peripeties-de-voyage\/","title":{"rendered":"P\u00e9rip\u00e9ties de voyage"},"content":{"rendered":"<div class=\"wp-block-image\">\n<figure class=\"aligncenter size-full\"><img loading=\"lazy\" decoding=\"async\" width=\"512\" height=\"312\" src=\"https:\/\/sites.cemea.org\/erasmus\/wp-content\/uploads\/sites\/20\/2023\/03\/gare2.png\" alt=\"\" class=\"wp-image-163\" srcset=\"https:\/\/sites.cemea.org\/erasmus\/wp-content\/uploads\/sites\/20\/2023\/03\/gare2.png 512w, https:\/\/sites.cemea.org\/erasmus\/wp-content\/uploads\/sites\/20\/2023\/03\/gare2-300x183.png 300w\" sizes=\"auto, (max-width: 512px) 100vw, 512px\" \/><\/figure><\/div>\n\n\n<p>Lundi matin, je quitte all\u00e8grement mon chez moi, non sans avoir v\u00e9rifi\u00e9 que toutes les prises \u00e9taient d\u00e9branch\u00e9es, les lumi\u00e8res \u00e9teintes, le chauffage baisse&#8230; je me rends chez une amie qui va m\u2019emmener en gare. Rapidement, je m\u2019aper\u00e7ois que j\u2019ai oubli\u00e9 mon t\u00e9l\u00e9phone en charge \u00e0 la maison&nbsp;! Premier r\u00e9flexe, pr\u00e9venir Jacqueline mais sans t\u00e9l\u00e9phone, pas d\u2019acc\u00e8s aux num\u00e9ros des copines, enregistr\u00e9s dans ce fameux t\u00e9l\u00e9phone&nbsp;!<\/p>\n\n\n\n<p>On essaie tr\u00e8s vite d\u2019imprimer mon billet de train mais mon ordinateur ne reconnait pas l\u2019imprimante. On abandonne et on se d\u00e9p\u00eache de rejoindre la gare\u00a0; je me dis que j\u2019enverrai dans le train, un mail \u00e0 Jacqueline pour la pr\u00e9venir car nous devions nous appeler lorsque j\u2019arriverai \u00e0 la gare de Bologne. Mais impossible de me connecter au wifi. Dans le TGV, le contr\u00f4leur me retrouve avec ma date de naissance. Tout va bien, mais en Italie\u00a0? Il me conseille de descendre en gare de Chamb\u00e9ry pour imprimer le billet Turin\/Bologne \u00e0 une borne. Vous avez 8 minutes, me dit-il. Sauf que la machine se bloque, je perds du temps et je retourne en courant au wagon, sans billet\u00a0! Pour internet, je fais encore un essai en gare de Turin, infructueux. A Turin, le train arrive avec 20 minutes de retard, je n\u2019en ai donc plus que 10 pour acheter un billet. Heureusement car des contr\u00f4les ont eu lieu.<\/p>\n\n\n<div class=\"wp-block-image\">\n<figure class=\"aligncenter size-full\"><img loading=\"lazy\" decoding=\"async\" width=\"512\" height=\"405\" src=\"https:\/\/sites.cemea.org\/erasmus\/wp-content\/uploads\/sites\/20\/2023\/03\/facades1.jpg\" alt=\"\" class=\"wp-image-164\" srcset=\"https:\/\/sites.cemea.org\/erasmus\/wp-content\/uploads\/sites\/20\/2023\/03\/facades1.jpg 512w, https:\/\/sites.cemea.org\/erasmus\/wp-content\/uploads\/sites\/20\/2023\/03\/facades1-300x237.jpg 300w\" sizes=\"auto, (max-width: 512px) 100vw, 512px\" \/><\/figure><\/div>\n\n\n<p>Arriv\u00e9e \u00e0 Bologne, une gare immense avec de larges couloirs aux murs nus, fortement \u00e9clair\u00e9s. Je sors sur la place c\u00f4te centre-ville et je me mets en recherche du chemin pour rejoindre les locaux d\u2019ARCI. Sans t\u00e9l\u00e9phone, pas d\u2019acc\u00e8s a googlemaps pour se diriger dans une ville inconnue. J\u2019avais not\u00e9 le trajet succinctement sur un petit papier. J\u2019arrive chez ARCI, s\u00fbrement en avance mais je n\u2019ai pas de montre, alors je d\u00e9cide de retrouver le groupe au lieu de rendez-vous devant le magasin Coop. Sans t\u00e9l\u00e9phone, pas d\u2019acc\u00e8s \u00e0 l\u2019heure. Je suis oblig\u00e9e de boire un caf\u00e9 pour demander l\u2019heure \u00e0 la serveuse&nbsp;! Je ne retrouve pas le groupe et je retourne tant bien que mal \u00e0 ARCI, en essayant de reconnaitre par o\u00f9 je suis pass\u00e9e \u00e0 l\u2019aller&nbsp;! Je fais des tours et des d\u00e9tours et je finis par entrer dans la cour du palais d\u2019ARCI et de trouver mes coll\u00e8gues. Enfin, mon voyage infernal s\u2019ach\u00e8ve&nbsp;! Je pensais que Jacqueline, ne me voyant pas en gare, avait rejoint le groupe. Mais on m\u2019apprend qu\u2019elle et M\u00e9lanie sont toujours \u00e0 m\u2019attendre. Les pauvres&nbsp;! A ce moment-l\u00e0, on essaie de pr\u00e9venir M\u00e9lanie mais le t\u00e9l\u00e9phone de celle-ci est d\u00e9charg\u00e9, elle n\u2019a donc pas le message comme quoi je suis arriv\u00e9e avant elles \u00e0 la r\u00e9union avec ARCI. Finalement, c\u2019est presque une heure plus tard qu\u2019on appelle Jacqueline et elles arrivent&nbsp;!<\/p>\n\n\n\n<p>Je leur explique ma m\u00e9saventure. Elles avaient bien s\u00fbr essay\u00e9 de m\u2019appeler sur mon t\u00e9l\u00e9phone et se demandaient pourquoi je ne r\u00e9pondais pas, s\u2019imaginant toutes sortes de choses ayant pu m\u2019arriver. Elles ont guett\u00e9 toutes les arriv\u00e9es de trains en provenance de Turin ou Milan. Elles ont assist\u00e9 sur la place de la gare \u00e0 une manifestation syndicale, la m\u00eame que j\u2019avais vue moi aussi. On a d\u00fb se rater \u00e0 quelques minutes pr\u00e8s&nbsp;!<\/p>\n\n\n\n<p>La morale de cette histoire, c\u2019est qu\u2019\u00e0 l\u2019avenir, je saurai \u00eatre moins d\u00e9pendante de ce petit instrument de communication. La morale de cette morale, c\u2019est qu\u2019on reconnait ses amies \u00e0 celles qui sont capables de vous attendre 2 heures sur le quai d\u2019une gare sans rechigner&nbsp;! MERCIIIII.<\/p>\n\n\n\n<p> Les choses s\u00e9rieuses vont pouvoir commencer, \u00e9changes, visites, reportages illustr\u00e9s de photos. Et zut, sans t\u00e9l\u00e9phone, je ne peux pas non plus prendre de photos. L\u00e0, je vais \u00eatre d\u00e9pendante des autres.<\/p>\n\n\n\n<figure class=\"wp-block-image size-full\"><img loading=\"lazy\" decoding=\"async\" width=\"768\" height=\"1024\" src=\"https:\/\/sites.cemea.org\/erasmus\/wp-content\/uploads\/sites\/20\/2023\/03\/IMG-20230327-WA0009.jpg\" alt=\"\" class=\"wp-image-24\" srcset=\"https:\/\/sites.cemea.org\/erasmus\/wp-content\/uploads\/sites\/20\/2023\/03\/IMG-20230327-WA0009.jpg 768w, https:\/\/sites.cemea.org\/erasmus\/wp-content\/uploads\/sites\/20\/2023\/03\/IMG-20230327-WA0009-225x300.jpg 225w\" sizes=\"auto, (max-width: 768px) 100vw, 768px\" \/><\/figure>\n\n\n\n<p>Isabelle L.<\/p>\n\n\n\n<p><\/p>\n","protected":false},"excerpt":{"rendered":"<p class=\"post-excerpt\">Lundi matin, je quitte all\u00e8grement mon chez moi, non sans avoir v\u00e9rifi\u00e9 que toutes les prises \u00e9taient d\u00e9branch\u00e9es, les lumi\u00e8res&#8230;<\/p>\n","protected":false},"author":43,"featured_media":167,"comment_status":"open","ping_status":"open","sticky":false,"template":"","format":"standard","meta":{"footnotes":""},"categories":[1],"tags":[],"class_list":["post-34","post","type-post","status-publish","format-standard","has-post-thumbnail","hentry","category-non-classe"],"_links":{"self":[{"href":"https:\/\/sites.cemea.org\/erasmus\/wp-json\/wp\/v2\/posts\/34","targetHints":{"allow":["GET"]}}],"collection":[{"href":"https:\/\/sites.cemea.org\/erasmus\/wp-json\/wp\/v2\/posts"}],"about":[{"href":"https:\/\/sites.cemea.org\/erasmus\/wp-json\/wp\/v2\/types\/post"}],"author":[{"embeddable":true,"href":"https:\/\/sites.cemea.org\/erasmus\/wp-json\/wp\/v2\/users\/43"}],"replies":[{"embeddable":true,"href":"https:\/\/sites.cemea.org\/erasmus\/wp-json\/wp\/v2\/comments?post=34"}],"version-history":[{"count":3,"href":"https:\/\/sites.cemea.org\/erasmus\/wp-json\/wp\/v2\/posts\/34\/revisions"}],"predecessor-version":[{"id":168,"href":"https:\/\/sites.cemea.org\/erasmus\/wp-json\/wp\/v2\/posts\/34\/revisions\/168"}],"wp:featuredmedia":[{"embeddable":true,"href":"https:\/\/sites.cemea.org\/erasmus\/wp-json\/wp\/v2\/media\/167"}],"wp:attachment":[{"href":"https:\/\/sites.cemea.org\/erasmus\/wp-json\/wp\/v2\/media?parent=34"}],"wp:term":[{"taxonomy":"category","embeddable":true,"href":"https:\/\/sites.cemea.org\/erasmus\/wp-json\/wp\/v2\/categories?post=34"},{"taxonomy":"post_tag","embeddable":true,"href":"https:\/\/sites.cemea.org\/erasmus\/wp-json\/wp\/v2\/tags?post=34"}],"curies":[{"name":"wp","href":"https:\/\/api.w.org\/{rel}","templated":true}]}}