{"id":457,"date":"2020-02-28T10:48:14","date_gmt":"2020-02-28T09:48:14","guid":{"rendered":"https:\/\/sites.cemea.org\/capemob\/?p=457"},"modified":"2020-02-28T10:48:15","modified_gmt":"2020-02-28T09:48:15","slug":"capacitar-ou-la-version-portugaise-dempowerment","status":"publish","type":"post","link":"https:\/\/sites.cemea.org\/capemob\/2020\/02\/28\/capacitar-ou-la-version-portugaise-dempowerment\/","title":{"rendered":"Capacitar ou la version portugaise d\u2019empowerment ?"},"content":{"rendered":"\n<p>Est-ce li\u00e9 \u00e0 l\u2019histoire du Portugal, \u00e0 sa culture&nbsp;? A l\u2019impact de la crise \u00e9conomique de 2010, au contexte politique actuel&nbsp;? S\u2019agit-il d\u2019influences du travail social communautaire anglo-saxon ou de la p\u00e9dagogie des opprim\u00e9s de Paolo Freire. Y-a-t-il une volont\u00e9 de s\u2019inscrire dans les programmes europ\u00e9ens ? Peut-\u00eatre tout cela \u00e0 la fois\u2026 Quoiqu\u2019il en soit, la participation des publics est fortement pr\u00e9sente ici. Inscrite dans les politiques publiques qui nous sont pr\u00e9sent\u00e9es, mais surtout port\u00e9e et mise en \u0153uvre au quotidien par les acteurs que nous avons rencontr\u00e9s. Capacitar&nbsp; peut-on lire sur les affiches du Clube qui nous re\u00e7oit. Capacitar, \u00ab&nbsp;<em>rendre capable, donner les moyens de<\/em>&nbsp;\u00bb, une belle perspective \u00e0 ramener dans nos valises.<\/p>\n\n\n\n<p>Citons le programme Escolhas, d\u00e9velopp\u00e9 par le Haut Commissariat aux migrations rencontr\u00e9 au d\u00e9but de notre s\u00e9jour. Ce programme co-financ\u00e9 par l\u2019Etat et les fonds europ\u00e9ens, vise la coh\u00e9sion sociale et la lutte contre les discriminations, et s\u2019adresse plus particuli\u00e8rement aux enfants et jeunes les plus vuln\u00e9rables, descendants de migrants, migrants, Roms, habitants de territoires fragilis\u00e9s\u2026. Les projets qu\u2019il soutient doivent obligatoirement s\u2019appuyer sur la participation des personnes dans sa mise en \u0153uvre, et en amont, dans son \u00e9laboration.&nbsp; Les jeunes concern\u00e9s doivent \u00eatre consult\u00e9s, conduire eux-m\u00eames les enqu\u00eates ou diagnostics qui nourrissent la construction des projets.<\/p>\n\n\n\n<p>Le pilotage de ces projets, qui associe en consortium, au moins quatre partenaires (\u00e9cole, entreprise, association culturelle, centre m\u00e9dico-social, \u2026) s\u2019appuie sur l\u2019assembl\u00e9e des jeunes, r\u00e9unie a minima tous les deux mois, pour suivre, \u00e9valuer les actions mises en \u0153uvre, faire des propositions.<\/p>\n\n\n\n<p>Tous les projets doivent recruter un habitant du quartier concern\u00e9, ou proche de celui-ci, sur un poste d\u2019animateur ou de m\u00e9diateur. Ag\u00e9 de moins de 30 ans, il s\u2019engage pendant la dur\u00e9e de son contrat de 3 ans \u00e0 poursuivre ses \u00e9tudes, pour atteindre au minimum le baccalaur\u00e9at. Chacun des projets soutenu par le programme Escolhas met en place un dinamizadore comunitario (en fran\u00e7ais dynamisateur communautaire), qui contribue \u00e0 sa mise en \u0153uvre. A la participation des personnes \u00e0 un projet qui les concerne, le programme allie la formation, l\u2019emploi et surtout la valorisation de leur potentiel, le d\u00e9veloppement de leurs comp\u00e9tences personnelles, relationnelles. Ces jeunes ne sont pas seulement les cibles du projet mais ses ressources. Car ces projets ne visent pas seulement pas les individus mais le&nbsp;<em>\u00ab&nbsp;changement au sein de la communaut\u00e9 et de la soci\u00e9t\u00e9&nbsp;\u00bb<\/em>, comme l\u2019indique le Clube dans sa pr\u00e9sentation.<\/p>\n\n\n\n<p>Capacitar, \u00ab&nbsp;<em>rendre capable<\/em>&nbsp;\u00bb&nbsp;les personnes et\/avec la communaut\u00e9, en leur \u00ab&nbsp;<em>donnant les moyens<\/em>&nbsp;<em>de<\/em>\u00bb. Ainsi le Clube, nous explique Jos\u00e9 Brito-Soares, son directeur, est centr\u00e9 sur un territoire, s\u2019inscrit dans les r\u00e9seaux de ses acteurs&nbsp;: \u00e9coles, entreprises, associations culturelles, mais \u00e9galement associations de r\u00e9sidents, formelles ou informelles, relations sociales au sein du quartier. Il s\u2019agit pour le Clube de&nbsp;\u00bb&nbsp;<em>soutenir les leaderships locaux<\/em>&nbsp;\u00bb, pour \u00ab&nbsp;<em>soutenir la communaut\u00e9<\/em>&nbsp;\u00bb, afin que les initiatives soient de plus en plus fortement port\u00e9es par les habitants du quartier. Les assembl\u00e9es communautaires, qui r\u00e9unissent ces leaders, les animateurs et \u00ab&nbsp;dynamisateurs communautaires&nbsp;\u00bb, et des habitants sont un des espaces de construction de cette participation&nbsp;<\/p>\n\n\n\n<p>On pourrait citer d\u2019autres actions, et notamment les Projets d\u2019Intervention Communautaire. Pr\u00e9sent\u00e9s par les habitants du quartier devant l\u2019Assembl\u00e9e communautaire et les acteurs institutionnels locaux, ces projets, s\u2019ils sont valid\u00e9s, re\u00e7oivent imm\u00e9diatement un financement de 1&nbsp;000 \u00e0 5&nbsp;000 euros, suivi par le Clube.&nbsp;<\/p>\n\n\n\n<p>Autant d\u2019actions qui nous interpellent, nous invitent \u00e0 questionner nos pratiques et \u00e0 poursuivre les \u00e9changes avec les acteurs rencontr\u00e9s afin de mieux comprendre le contexte dans lequel s\u2019inscrivent ces actions pour en identifier les ressorts et processus transposables ailleurs, en France. Un voyage qui continue.<\/p>\n\n\n\n<p class=\"has-text-align-right\">Isabelle Monforte<\/p>\n","protected":false},"excerpt":{"rendered":"<p class=\"post-excerpt\">Est-ce li\u00e9 \u00e0 l\u2019histoire du Portugal, \u00e0 sa culture&nbsp;? A l\u2019impact de la crise \u00e9conomique de 2010, au contexte politique&#8230;<\/p>\n","protected":false},"author":5,"featured_media":456,"comment_status":"closed","ping_status":"open","sticky":false,"template":"","format":"standard","meta":{"footnotes":""},"categories":[2,4],"tags":[],"class_list":["post-457","post","type-post","status-publish","format-standard","has-post-thumbnail","hentry","category-au-jour-le-jour","category-projet"],"_links":{"self":[{"href":"https:\/\/sites.cemea.org\/capemob\/wp-json\/wp\/v2\/posts\/457","targetHints":{"allow":["GET"]}}],"collection":[{"href":"https:\/\/sites.cemea.org\/capemob\/wp-json\/wp\/v2\/posts"}],"about":[{"href":"https:\/\/sites.cemea.org\/capemob\/wp-json\/wp\/v2\/types\/post"}],"author":[{"embeddable":true,"href":"https:\/\/sites.cemea.org\/capemob\/wp-json\/wp\/v2\/users\/5"}],"replies":[{"embeddable":true,"href":"https:\/\/sites.cemea.org\/capemob\/wp-json\/wp\/v2\/comments?post=457"}],"version-history":[{"count":1,"href":"https:\/\/sites.cemea.org\/capemob\/wp-json\/wp\/v2\/posts\/457\/revisions"}],"predecessor-version":[{"id":458,"href":"https:\/\/sites.cemea.org\/capemob\/wp-json\/wp\/v2\/posts\/457\/revisions\/458"}],"wp:featuredmedia":[{"embeddable":true,"href":"https:\/\/sites.cemea.org\/capemob\/wp-json\/wp\/v2\/media\/456"}],"wp:attachment":[{"href":"https:\/\/sites.cemea.org\/capemob\/wp-json\/wp\/v2\/media?parent=457"}],"wp:term":[{"taxonomy":"category","embeddable":true,"href":"https:\/\/sites.cemea.org\/capemob\/wp-json\/wp\/v2\/categories?post=457"},{"taxonomy":"post_tag","embeddable":true,"href":"https:\/\/sites.cemea.org\/capemob\/wp-json\/wp\/v2\/tags?post=457"}],"curies":[{"name":"wp","href":"https:\/\/api.w.org\/{rel}","templated":true}]}}