{"id":454,"date":"2020-02-28T10:25:47","date_gmt":"2020-02-28T09:25:47","guid":{"rendered":"https:\/\/sites.cemea.org\/capemob\/?p=454"},"modified":"2020-02-28T10:25:48","modified_gmt":"2020-02-28T09:25:48","slug":"un-monde-meilleur","status":"publish","type":"post","link":"https:\/\/sites.cemea.org\/capemob\/2020\/02\/28\/un-monde-meilleur\/","title":{"rendered":"Un monde meilleur."},"content":{"rendered":"\n<p>A la veille de notre d\u00e9part, Jos\u00e9 Brito Soares, directeur du CLUBE International Europeu \u00e0 Lisbonne, re\u00e7oit le Foulard scout du programme My Europe-My Say (Erasmus +) de Pascal PERON, D\u00e9l\u00e9gu\u00e9 National des Eclaireuses Eclaireurs de France en remerciement de son accueil et pour l\u2019action qu\u2019il m\u00e8ne au CLUBE \u00e0 Lisbonne en faveur de la mobilit\u00e9 internationale et de l\u2019engagement des jeunes. Une contribution \u00e0 l\u2019\u00e9ducation \u00e0 la paix pour cr\u00e9er un monde meilleur vers de nouveaux projets.<\/p>\n\n\n\n<p class=\"has-text-align-right\">Pascal Peron<\/p>\n","protected":false},"excerpt":{"rendered":"<p class=\"post-excerpt\">A la veille de notre d\u00e9part, Jos\u00e9 Brito Soares, directeur du CLUBE International Europeu \u00e0 Lisbonne, re\u00e7oit le Foulard scout&#8230;<\/p>\n","protected":false},"author":5,"featured_media":424,"comment_status":"closed","ping_status":"open","sticky":false,"template":"","format":"standard","meta":{"footnotes":""},"categories":[2],"tags":[],"class_list":["post-454","post","type-post","status-publish","format-standard","has-post-thumbnail","hentry","category-au-jour-le-jour"],"_links":{"self":[{"href":"https:\/\/sites.cemea.org\/capemob\/wp-json\/wp\/v2\/posts\/454","targetHints":{"allow":["GET"]}}],"collection":[{"href":"https:\/\/sites.cemea.org\/capemob\/wp-json\/wp\/v2\/posts"}],"about":[{"href":"https:\/\/sites.cemea.org\/capemob\/wp-json\/wp\/v2\/types\/post"}],"author":[{"embeddable":true,"href":"https:\/\/sites.cemea.org\/capemob\/wp-json\/wp\/v2\/users\/5"}],"replies":[{"embeddable":true,"href":"https:\/\/sites.cemea.org\/capemob\/wp-json\/wp\/v2\/comments?post=454"}],"version-history":[{"count":1,"href":"https:\/\/sites.cemea.org\/capemob\/wp-json\/wp\/v2\/posts\/454\/revisions"}],"predecessor-version":[{"id":455,"href":"https:\/\/sites.cemea.org\/capemob\/wp-json\/wp\/v2\/posts\/454\/revisions\/455"}],"wp:featuredmedia":[{"embeddable":true,"href":"https:\/\/sites.cemea.org\/capemob\/wp-json\/wp\/v2\/media\/424"}],"wp:attachment":[{"href":"https:\/\/sites.cemea.org\/capemob\/wp-json\/wp\/v2\/media?parent=454"}],"wp:term":[{"taxonomy":"category","embeddable":true,"href":"https:\/\/sites.cemea.org\/capemob\/wp-json\/wp\/v2\/categories?post=454"},{"taxonomy":"post_tag","embeddable":true,"href":"https:\/\/sites.cemea.org\/capemob\/wp-json\/wp\/v2\/tags?post=454"}],"curies":[{"name":"wp","href":"https:\/\/api.w.org\/{rel}","templated":true}]}}