{"id":413,"date":"2020-02-28T00:25:09","date_gmt":"2020-02-27T23:25:09","guid":{"rendered":"https:\/\/sites.cemea.org\/capemob\/?p=413"},"modified":"2020-02-28T00:25:10","modified_gmt":"2020-02-27T23:25:10","slug":"hors-circuits-touristiques","status":"publish","type":"post","link":"https:\/\/sites.cemea.org\/capemob\/2020\/02\/28\/hors-circuits-touristiques\/","title":{"rendered":"Hors circuits (touristiques)"},"content":{"rendered":"\n<p>J\u2019\u00e9tais d\u00e9j\u00e0\nvenue \u00e0 Lisbonne, mais je n\u2019avais pas vu Lisbonne. Enfin, si,\nj\u2019avais vu les monuments incontournables et les quartiers\nimmanquables. Comme partout, c\u2019\u00e9tait une partie de la ville mais\npas la totalit\u00e9.<\/p>\n\n\n\n<p>Revenue dans le\ncadre de cette mobilit\u00e9 europ\u00e9enne, j\u2019ai eu acc\u00e8s \u00e0 une tout\nautre ville.<\/p>\n\n\n\n<p>Nous sommes all\u00e9s\ndans plusieurs quartiers d\u2019intervention prioritaire, \u00e0 un jet de\nm\u00e9tro du centre-ville et pourtant p\u00e9riph\u00e9riques, remplis d\u2019\u0153uvres\nde street art souvent con\u00e7ues avec les habitants du quartier,\nparfois support de la m\u00e9moire du quartier.<\/p>\n\n\n\n<div class=\"wp-block-image\"><figure class=\"aligncenter size-large is-resized\"><img loading=\"lazy\" decoding=\"async\" src=\"https:\/\/sites.cemea.org\/capemob\/wp-content\/uploads\/sites\/9\/2020\/02\/photo-1-769x1024.jpg\" alt=\"\" class=\"wp-image-408\" width=\"442\" height=\"588\" srcset=\"https:\/\/sites.cemea.org\/capemob\/wp-content\/uploads\/sites\/9\/2020\/02\/photo-1-769x1024.jpg 769w, https:\/\/sites.cemea.org\/capemob\/wp-content\/uploads\/sites\/9\/2020\/02\/photo-1-225x300.jpg 225w, https:\/\/sites.cemea.org\/capemob\/wp-content\/uploads\/sites\/9\/2020\/02\/photo-1-768x1023.jpg 768w, https:\/\/sites.cemea.org\/capemob\/wp-content\/uploads\/sites\/9\/2020\/02\/photo-1-1800x2397.jpg 1800w, https:\/\/sites.cemea.org\/capemob\/wp-content\/uploads\/sites\/9\/2020\/02\/photo-1-1153x1536.jpg 1153w, https:\/\/sites.cemea.org\/capemob\/wp-content\/uploads\/sites\/9\/2020\/02\/photo-1-1538x2048.jpg 1538w, https:\/\/sites.cemea.org\/capemob\/wp-content\/uploads\/sites\/9\/2020\/02\/photo-1-1140x1518.jpg 1140w, https:\/\/sites.cemea.org\/capemob\/wp-content\/uploads\/sites\/9\/2020\/02\/photo-1-552x735.jpg 552w, https:\/\/sites.cemea.org\/capemob\/wp-content\/uploads\/sites\/9\/2020\/02\/photo-1-scaled.jpg 1922w\" sizes=\"auto, (max-width: 442px) 100vw, 442px\" \/><\/figure><\/div>\n\n\n\n<p>On peut m\u00eame\ntrouver des fresques inventant une nouvelle mani\u00e8re de jouer au\nfootball. T\u00e9moins ces cages peintes jumelles, c\u00f4te \u00e0 c\u00f4te face\naux fen\u00eatres d\u2019un immeuble, qui permettent aux enfants de jouer au\nfoot sans lancer le ballon dans les fen\u00eatres des voisins, qui\nprotestaient et crevaient les balles en guise de repr\u00e9sailles. Un\nfoot semi circulaire, en somme.<\/p>\n\n\n\n<div class=\"wp-block-image\"><figure class=\"aligncenter size-large\"><img loading=\"lazy\" decoding=\"async\" width=\"1024\" height=\"576\" src=\"https:\/\/sites.cemea.org\/capemob\/wp-content\/uploads\/sites\/9\/2020\/02\/20200227_1502274716451908949112003-1024x576.jpg\" alt=\"\" class=\"wp-image-401\" srcset=\"https:\/\/sites.cemea.org\/capemob\/wp-content\/uploads\/sites\/9\/2020\/02\/20200227_1502274716451908949112003-1024x576.jpg 1024w, https:\/\/sites.cemea.org\/capemob\/wp-content\/uploads\/sites\/9\/2020\/02\/20200227_1502274716451908949112003-300x169.jpg 300w, https:\/\/sites.cemea.org\/capemob\/wp-content\/uploads\/sites\/9\/2020\/02\/20200227_1502274716451908949112003-768x432.jpg 768w, https:\/\/sites.cemea.org\/capemob\/wp-content\/uploads\/sites\/9\/2020\/02\/20200227_1502274716451908949112003-1800x1013.jpg 1800w, https:\/\/sites.cemea.org\/capemob\/wp-content\/uploads\/sites\/9\/2020\/02\/20200227_1502274716451908949112003-1536x864.jpg 1536w, https:\/\/sites.cemea.org\/capemob\/wp-content\/uploads\/sites\/9\/2020\/02\/20200227_1502274716451908949112003-2048x1152.jpg 2048w, https:\/\/sites.cemea.org\/capemob\/wp-content\/uploads\/sites\/9\/2020\/02\/20200227_1502274716451908949112003-1140x641.jpg 1140w, https:\/\/sites.cemea.org\/capemob\/wp-content\/uploads\/sites\/9\/2020\/02\/20200227_1502274716451908949112003-552x311.jpg 552w\" sizes=\"auto, (max-width: 1024px) 100vw, 1024px\" \/><figcaption>Pour ne pas que les ballons tapent sur les portes des garages de l&rsquo;autre c\u00f4t\u00e9 de la rue &#8230;<\/figcaption><\/figure><\/div>\n\n\n\n<p>Nous avons vu les\njardins ouvriers et l\u2019herbe bien verte qui ont en partie remplac\u00e9\nce qui fut, jusqu\u2019en 2001, Curraleira, le plus grand bidonville du\npays, l\u2019un des plus grands d\u2019Europe.<\/p>\n\n\n\n<p>Apr\u00e8s le\nrelogement, il reste une certaine nostalgie chez les anciens\nhabitants du bidonville, qui n\u2019ont pas \u00e9t\u00e9 associ\u00e9s \u00e0 la\nconception des nouveaux quartiers, et regrettent leur march\u00e9\ncommunautaire, leurs activit\u00e9s informelles&#8230;<\/p>\n\n\n\n<div class=\"wp-block-image\"><figure class=\"aligncenter size-large is-resized\"><img loading=\"lazy\" decoding=\"async\" src=\"https:\/\/sites.cemea.org\/capemob\/wp-content\/uploads\/sites\/9\/2020\/02\/Photo-2-1024x768.jpg\" alt=\"\" class=\"wp-image-406\" width=\"480\" height=\"359\" srcset=\"https:\/\/sites.cemea.org\/capemob\/wp-content\/uploads\/sites\/9\/2020\/02\/Photo-2-1024x768.jpg 1024w, https:\/\/sites.cemea.org\/capemob\/wp-content\/uploads\/sites\/9\/2020\/02\/Photo-2-300x225.jpg 300w, https:\/\/sites.cemea.org\/capemob\/wp-content\/uploads\/sites\/9\/2020\/02\/Photo-2-768x576.jpg 768w, https:\/\/sites.cemea.org\/capemob\/wp-content\/uploads\/sites\/9\/2020\/02\/Photo-2-1800x1350.jpg 1800w, https:\/\/sites.cemea.org\/capemob\/wp-content\/uploads\/sites\/9\/2020\/02\/Photo-2-1536x1152.jpg 1536w, https:\/\/sites.cemea.org\/capemob\/wp-content\/uploads\/sites\/9\/2020\/02\/Photo-2-2048x1536.jpg 2048w, https:\/\/sites.cemea.org\/capemob\/wp-content\/uploads\/sites\/9\/2020\/02\/Photo-2-1140x855.jpg 1140w, https:\/\/sites.cemea.org\/capemob\/wp-content\/uploads\/sites\/9\/2020\/02\/Photo-2-552x414.jpg 552w\" sizes=\"auto, (max-width: 480px) 100vw, 480px\" \/><\/figure><\/div>\n\n\n\n<p>Nous avons rencontr\u00e9\ndes enfants et des jeunes, Gitans ou originaires des anciennes\ncolonies portugaises (Cap-Vert, Mozambique, Angola&#8230;), qui vivent\nsous le couloir a\u00e9rien de l\u2019a\u00e9roport de Lisbonne, au rythme du\npassage des avions toutes les trois minutes.<\/p>\n\n\n\n<p>L\u2019a\u00e9roport\ndevrait \u00eatre d\u00e9plac\u00e9, \u00e9loign\u00e9 de la ville, \u00e7a n\u2019arrangera\nsans doute pas les touristes, mais les habitants, si&nbsp;!<\/p>\n\n\n\n<div class=\"wp-block-image\"><figure class=\"aligncenter size-large is-resized\"><img loading=\"lazy\" decoding=\"async\" src=\"https:\/\/sites.cemea.org\/capemob\/wp-content\/uploads\/sites\/9\/2020\/02\/photo-3-1024x769.jpg\" alt=\"\" class=\"wp-image-407\" width=\"433\" height=\"325\" srcset=\"https:\/\/sites.cemea.org\/capemob\/wp-content\/uploads\/sites\/9\/2020\/02\/photo-3-1024x769.jpg 1024w, https:\/\/sites.cemea.org\/capemob\/wp-content\/uploads\/sites\/9\/2020\/02\/photo-3-300x225.jpg 300w, https:\/\/sites.cemea.org\/capemob\/wp-content\/uploads\/sites\/9\/2020\/02\/photo-3-768x577.jpg 768w, https:\/\/sites.cemea.org\/capemob\/wp-content\/uploads\/sites\/9\/2020\/02\/photo-3-1800x1352.jpg 1800w, https:\/\/sites.cemea.org\/capemob\/wp-content\/uploads\/sites\/9\/2020\/02\/photo-3-1536x1153.jpg 1536w, https:\/\/sites.cemea.org\/capemob\/wp-content\/uploads\/sites\/9\/2020\/02\/photo-3-2048x1538.jpg 2048w, https:\/\/sites.cemea.org\/capemob\/wp-content\/uploads\/sites\/9\/2020\/02\/photo-3-1140x856.jpg 1140w, https:\/\/sites.cemea.org\/capemob\/wp-content\/uploads\/sites\/9\/2020\/02\/photo-3-552x414.jpg 552w\" sizes=\"auto, (max-width: 433px) 100vw, 433px\" \/><\/figure><\/div>\n\n\n\n<p>Nous sommes all\u00e9s\nd\u00e9jeuner au Club des officiers de marine, situ\u00e9 au beau milieu du\nquartier touristique de l\u2019Alfama, mais dans lequel on ne rentre que\nsi on est amen\u00e9 ou recommand\u00e9 par quelqu\u2019un qui y est connu.<\/p>\n\n\n\n<p>Un appartement \u00e0 la d\u00e9coration \u00ab\u00a0\u00e0 l\u2019ancienne\u00a0\u00bb, o\u00f9 l\u2019on mange des plats traditionnels qu\u2019on ne trouve pas forc\u00e9ment sur les cartes des restaurants. Une pause \u00e9tonnante\u00a0!<\/p>\n\n\n\n<figure class=\"wp-block-gallery aligncenter columns-2 is-cropped wp-block-gallery-1 is-layout-flex wp-block-gallery-is-layout-flex\"><ul class=\"blocks-gallery-grid\"><li class=\"blocks-gallery-item\"><figure><img loading=\"lazy\" decoding=\"async\" width=\"1024\" height=\"769\" src=\"https:\/\/sites.cemea.org\/capemob\/wp-content\/uploads\/sites\/9\/2020\/02\/photo-4-bis-1024x769.jpg\" alt=\"\" data-id=\"410\" data-full-url=\"https:\/\/sites.cemea.org\/capemob\/wp-content\/uploads\/sites\/9\/2020\/02\/photo-4-bis-scaled.jpg\" data-link=\"https:\/\/sites.cemea.org\/capemob\/photo-4-bis\/\" class=\"wp-image-410\" srcset=\"https:\/\/sites.cemea.org\/capemob\/wp-content\/uploads\/sites\/9\/2020\/02\/photo-4-bis-1024x769.jpg 1024w, https:\/\/sites.cemea.org\/capemob\/wp-content\/uploads\/sites\/9\/2020\/02\/photo-4-bis-300x225.jpg 300w, https:\/\/sites.cemea.org\/capemob\/wp-content\/uploads\/sites\/9\/2020\/02\/photo-4-bis-768x577.jpg 768w, https:\/\/sites.cemea.org\/capemob\/wp-content\/uploads\/sites\/9\/2020\/02\/photo-4-bis-1800x1352.jpg 1800w, https:\/\/sites.cemea.org\/capemob\/wp-content\/uploads\/sites\/9\/2020\/02\/photo-4-bis-1536x1153.jpg 1536w, https:\/\/sites.cemea.org\/capemob\/wp-content\/uploads\/sites\/9\/2020\/02\/photo-4-bis-2048x1538.jpg 2048w, https:\/\/sites.cemea.org\/capemob\/wp-content\/uploads\/sites\/9\/2020\/02\/photo-4-bis-1140x856.jpg 1140w, https:\/\/sites.cemea.org\/capemob\/wp-content\/uploads\/sites\/9\/2020\/02\/photo-4-bis-552x414.jpg 552w\" sizes=\"auto, (max-width: 1024px) 100vw, 1024px\" \/><\/figure><\/li><li class=\"blocks-gallery-item\"><figure><img loading=\"lazy\" decoding=\"async\" width=\"769\" height=\"1024\" src=\"https:\/\/sites.cemea.org\/capemob\/wp-content\/uploads\/sites\/9\/2020\/02\/photo-4-769x1024.jpg\" alt=\"\" data-id=\"409\" data-full-url=\"https:\/\/sites.cemea.org\/capemob\/wp-content\/uploads\/sites\/9\/2020\/02\/photo-4-scaled.jpg\" data-link=\"https:\/\/sites.cemea.org\/capemob\/photo-4\/\" class=\"wp-image-409\" srcset=\"https:\/\/sites.cemea.org\/capemob\/wp-content\/uploads\/sites\/9\/2020\/02\/photo-4-769x1024.jpg 769w, https:\/\/sites.cemea.org\/capemob\/wp-content\/uploads\/sites\/9\/2020\/02\/photo-4-225x300.jpg 225w, https:\/\/sites.cemea.org\/capemob\/wp-content\/uploads\/sites\/9\/2020\/02\/photo-4-768x1023.jpg 768w, https:\/\/sites.cemea.org\/capemob\/wp-content\/uploads\/sites\/9\/2020\/02\/photo-4-1800x2397.jpg 1800w, https:\/\/sites.cemea.org\/capemob\/wp-content\/uploads\/sites\/9\/2020\/02\/photo-4-1153x1536.jpg 1153w, https:\/\/sites.cemea.org\/capemob\/wp-content\/uploads\/sites\/9\/2020\/02\/photo-4-1538x2048.jpg 1538w, https:\/\/sites.cemea.org\/capemob\/wp-content\/uploads\/sites\/9\/2020\/02\/photo-4-1140x1518.jpg 1140w, https:\/\/sites.cemea.org\/capemob\/wp-content\/uploads\/sites\/9\/2020\/02\/photo-4-552x735.jpg 552w, https:\/\/sites.cemea.org\/capemob\/wp-content\/uploads\/sites\/9\/2020\/02\/photo-4-scaled.jpg 1922w\" sizes=\"auto, (max-width: 769px) 100vw, 769px\" \/><\/figure><\/li><\/ul><\/figure>\n\n\n\n<p>Avec tout \u00e7a, nous\navons fait des ponts entre les r\u00e9alit\u00e9s portugaises et fran\u00e7aises,\nproches bien que diff\u00e9rentes. Beaucoup de choses r\u00e9sonnent, des\npr\u00e9occupations communes, des difficult\u00e9s partag\u00e9es.<\/p>\n\n\n\n<p>Dans le registre de l\u2019\u00e9ducation, dans les quartiers prioritaires que nous connaissons d\u00e9sormais un peu, comme dans les n\u00f4tres, le fort taux d\u2019absent\u00e9isme et d\u2019abandon scolaires est un probl\u00e8me. C\u2019est l\u2019un des premiers objectifs de l\u2019action des associations que nous avons rencontr\u00e9es, qui n\u2019ouvrent par exemple les espaces d\u00e9di\u00e9s aux enfants et aux jeunes qu\u2019en dehors des horaires o\u00f9 ils sont cens\u00e9s \u00eatre en classe.<\/p>\n\n\n\n<p class=\"has-text-align-right\">C\u00e9cile Blanchard<\/p>\n","protected":false},"excerpt":{"rendered":"<p class=\"post-excerpt\">J\u2019\u00e9tais d\u00e9j\u00e0 venue \u00e0 Lisbonne, mais je n\u2019avais pas vu Lisbonne. Enfin, si, j\u2019avais vu les monuments incontournables et les&#8230;<\/p>\n","protected":false},"author":5,"featured_media":337,"comment_status":"closed","ping_status":"open","sticky":false,"template":"","format":"standard","meta":{"footnotes":""},"categories":[2,4],"tags":[],"class_list":["post-413","post","type-post","status-publish","format-standard","has-post-thumbnail","hentry","category-au-jour-le-jour","category-projet"],"_links":{"self":[{"href":"https:\/\/sites.cemea.org\/capemob\/wp-json\/wp\/v2\/posts\/413","targetHints":{"allow":["GET"]}}],"collection":[{"href":"https:\/\/sites.cemea.org\/capemob\/wp-json\/wp\/v2\/posts"}],"about":[{"href":"https:\/\/sites.cemea.org\/capemob\/wp-json\/wp\/v2\/types\/post"}],"author":[{"embeddable":true,"href":"https:\/\/sites.cemea.org\/capemob\/wp-json\/wp\/v2\/users\/5"}],"replies":[{"embeddable":true,"href":"https:\/\/sites.cemea.org\/capemob\/wp-json\/wp\/v2\/comments?post=413"}],"version-history":[{"count":1,"href":"https:\/\/sites.cemea.org\/capemob\/wp-json\/wp\/v2\/posts\/413\/revisions"}],"predecessor-version":[{"id":414,"href":"https:\/\/sites.cemea.org\/capemob\/wp-json\/wp\/v2\/posts\/413\/revisions\/414"}],"wp:featuredmedia":[{"embeddable":true,"href":"https:\/\/sites.cemea.org\/capemob\/wp-json\/wp\/v2\/media\/337"}],"wp:attachment":[{"href":"https:\/\/sites.cemea.org\/capemob\/wp-json\/wp\/v2\/media?parent=413"}],"wp:term":[{"taxonomy":"category","embeddable":true,"href":"https:\/\/sites.cemea.org\/capemob\/wp-json\/wp\/v2\/categories?post=413"},{"taxonomy":"post_tag","embeddable":true,"href":"https:\/\/sites.cemea.org\/capemob\/wp-json\/wp\/v2\/tags?post=413"}],"curies":[{"name":"wp","href":"https:\/\/api.w.org\/{rel}","templated":true}]}}