{"id":358,"date":"2020-02-27T00:41:26","date_gmt":"2020-02-26T23:41:26","guid":{"rendered":"https:\/\/sites.cemea.org\/capemob\/?p=358"},"modified":"2020-02-27T00:41:27","modified_gmt":"2020-02-26T23:41:27","slug":"des-liens-des-ponts-des-routes","status":"publish","type":"post","link":"https:\/\/sites.cemea.org\/capemob\/2020\/02\/27\/des-liens-des-ponts-des-routes\/","title":{"rendered":"Des liens, des ponts, des routes."},"content":{"rendered":"\n<p>Mais que venais je faire dans cet air de mobilit\u00e9\u00a0?  <\/p>\n\n\n\n<p>Une \u00e9vidence s\u2019est\nvite dessin\u00e9e d\u00e8s la premi\u00e8re rencontre de lundi sous le soleil\nlisbo\u00e8te, un nuage de mots \u00e9clairant&nbsp;: inclusion sociale des\nenfants&nbsp;des territoires fragiles ; partenariats&nbsp;et\ncroisement des regards et des approches ; co-gouvernance et\nparticipation des publics concern\u00e9s au travers d\u2019assembl\u00e9es qui\nanalysent, d\u00e9cident, proposent&nbsp;; intersection de domaines entre\nla question de l\u2019individu, celle des familles, de l\u2019\u00e9cole, des\nterritoires&nbsp;; r\u00e9el dialogue avec ces territoires o\u00f9 s\u2019ancre\nl\u2019action. \n<\/p>\n\n\n\n<p>Un \u00e9cho en ligne\ndroite avec mon engagement de terrain, \u00e0 CLISTHENE, dans le rapport\nque nous cherchons \u00e0 construire avec les enfants et leurs familles,\ndans la vie de l\u2019association des \u00ab&nbsp;Amis de CLISTHENE&nbsp;\u00bb,\nqui regroupe membres de l\u2019\u00e9quipe \u00e9ducative et p\u00e9dagogique,\nsympathisants, parents, anciens \u00e9l\u00e8ves et veut d\u00e9velopper des\nsolidarit\u00e9s, mener des d\u00e9bats sur l\u2019\u00e9ducation et le vivre\nensemble, construire des projets qui vont f\u00e9d\u00e9rer les familles\nau-del\u00e0 des diff\u00e9rences d\u2019origines sociales ou culturelles. \n<\/p>\n\n\n\n<p>A l\u2019image de ces\n\u00ab&nbsp;dynamisateurs culturels&nbsp;\u00bb dont on nous parle au sein\ndes projets \u00ab&nbsp;escolhas&nbsp;\u00bb, notre association ne\npourrait-elle pas chercher \u00e0 recruter un ou une jeune du quartier,\npour d\u00e9velopper le lien avec les familles, nous aider \u00e0 les faire\nvenir lorsque nous organisons des conseils consultatifs ou lorsque\nnous propososns des \u00e9v\u00e9nements&nbsp;culturels ? Des \u00e9v\u00e9nements\nco-organis\u00e9s justement avec nos partenaire de l\u2019\u00ab&nbsp;\u00e9duc\npop&nbsp;\u00bb, comme les projections de court m\u00e9trage suivis de d\u00e9bats\navec les CEMEA, pr\u00e9sents ici \u00e0 Lisbonne dans le groupe des mobiles.\nEt cette coop\u00e9ration que nous voulons continuer \u00e0 d\u00e9velopper, ne\npourrions nous pas la construire en nous reliant \u00e0 l\u2019exp\u00e9rience\nde l\u2019OCCE&nbsp;? Rendez-vous pris au retour en France avec sa\npr\u00e9sidente, qui fait partie de notre d\u00e9l\u00e9gation.<\/p>\n\n\n\n<p>\u00ab&nbsp;Fazer o\nponte&nbsp;\u00bb, faire des ponts&nbsp;; lutter contre ces in\u00e9galit\u00e9s\nsociales et culturelles et pour la r\u00e9ussite scolaire, promouvoir un\ndialogue interculturel, ouvrir des  espaces de paroles. Visite d\u2019un\nquartier tr\u00e8s difficile, en vase clos, impact\u00e9 par la mis\u00e8re et la\nviolence, avec les trafiquants en guise de conseiller d\u2019orientation\npour beaucoup de ses enfants. Des ponts vers un autre futur possible,\nune autre fa\u00e7on de faire soci\u00e9t\u00e9, d\u2019autres territoires\ng\u00e9ographiques tout simplement, quelques fois juste \u00e0 port\u00e9e de\nplage. Un pont entre le monde des enfants et les yeux de leurs\nenseignants, pour une \u00e9cole qui comprenne mieux les enfants dont\nelle s\u2019occupe. Encore un \u00e9cho avec les engagements et luttes des\n\u00e9quipes membres de FESPI. \n<\/p>\n\n\n\n<p>Les rencontres avec\nles acteurs locaux \u00e9tablissent la conviction que des liens directs\nexistent dans nos approches et nos principes, et qu\u2019il est bon\nd\u2019envisager de prolonger cette rencontre par de futurs projets\ncommuns. De m\u00eame au sein de la d\u00e9l\u00e9gation qui constitue le groupe\nde mobilit\u00e9, les projets de liens \u00e0 construire naissent de\ndiscussions et de questions autour de la table ou au cours d\u2019une\npromenade sur les pentes de la ville.<\/p>\n\n\n\n<p>C\u2019est f\u00e9cond,\ninspirant, constructif la mobilit\u00e9&nbsp;!<\/p>\n\n\n\n<p>Vivement demain.<\/p>\n\n\n\n<p class=\"has-text-align-right\">Marc Chaigneau<\/p>\n","protected":false},"excerpt":{"rendered":"<p class=\"post-excerpt\">Mais que venais je faire dans cet air de mobilit\u00e9\u00a0? Une \u00e9vidence s\u2019est vite dessin\u00e9e d\u00e8s la premi\u00e8re rencontre de&#8230;<\/p>\n","protected":false},"author":5,"featured_media":284,"comment_status":"closed","ping_status":"open","sticky":false,"template":"","format":"standard","meta":{"footnotes":""},"categories":[2,4],"tags":[],"class_list":["post-358","post","type-post","status-publish","format-standard","has-post-thumbnail","hentry","category-au-jour-le-jour","category-projet"],"_links":{"self":[{"href":"https:\/\/sites.cemea.org\/capemob\/wp-json\/wp\/v2\/posts\/358","targetHints":{"allow":["GET"]}}],"collection":[{"href":"https:\/\/sites.cemea.org\/capemob\/wp-json\/wp\/v2\/posts"}],"about":[{"href":"https:\/\/sites.cemea.org\/capemob\/wp-json\/wp\/v2\/types\/post"}],"author":[{"embeddable":true,"href":"https:\/\/sites.cemea.org\/capemob\/wp-json\/wp\/v2\/users\/5"}],"replies":[{"embeddable":true,"href":"https:\/\/sites.cemea.org\/capemob\/wp-json\/wp\/v2\/comments?post=358"}],"version-history":[{"count":1,"href":"https:\/\/sites.cemea.org\/capemob\/wp-json\/wp\/v2\/posts\/358\/revisions"}],"predecessor-version":[{"id":359,"href":"https:\/\/sites.cemea.org\/capemob\/wp-json\/wp\/v2\/posts\/358\/revisions\/359"}],"wp:featuredmedia":[{"embeddable":true,"href":"https:\/\/sites.cemea.org\/capemob\/wp-json\/wp\/v2\/media\/284"}],"wp:attachment":[{"href":"https:\/\/sites.cemea.org\/capemob\/wp-json\/wp\/v2\/media?parent=358"}],"wp:term":[{"taxonomy":"category","embeddable":true,"href":"https:\/\/sites.cemea.org\/capemob\/wp-json\/wp\/v2\/categories?post=358"},{"taxonomy":"post_tag","embeddable":true,"href":"https:\/\/sites.cemea.org\/capemob\/wp-json\/wp\/v2\/tags?post=358"}],"curies":[{"name":"wp","href":"https:\/\/api.w.org\/{rel}","templated":true}]}}