{"id":353,"date":"2020-02-27T00:37:12","date_gmt":"2020-02-26T23:37:12","guid":{"rendered":"https:\/\/sites.cemea.org\/capemob\/?p=353"},"modified":"2020-02-27T10:52:57","modified_gmt":"2020-02-27T09:52:57","slug":"joao-dynamisateur-communautaire","status":"publish","type":"post","link":"https:\/\/sites.cemea.org\/capemob\/2020\/02\/27\/joao-dynamisateur-communautaire\/","title":{"rendered":"Z\u00e9 Maria, dynamisateur communautaire"},"content":{"rendered":"\n<p>Agir dans le quartier dans lequel\non vit, un premier principe pour \u00eatre dynamisateur communautaire.<\/p>\n\n\n\n<p>Agir aupr\u00e8s des publics\nprioritaires de ce quartier en s\u2019engageant soi-m\u00eame \u00e0 poursuivre son parcours\nde formation, vers le baccalaur\u00e9at, un second principe pour cette mission.<\/p>\n\n\n\n<p>Et Z\u00e9 Maria d\u2019expliquer son travail\u2026 son travail, non son action, son engagement\u00a0! Le plus important c\u2019est de faire en sorte que les enfants et les ados n\u2019utilisent plus de mots grossiers, soient respectueux les uns envers les autres. Il n\u2019anime pas d\u2019activit\u00e9s\u00a0: il va chercher chez eux les enfants, les adolescent.es, parfois les ram\u00e8ne\u00a0; il aide les animateurs et animatrices durant les ateliers. <\/p>\n\n\n\n<p>Z\u00e9 Maria est le dynamisateur de l\u2019association \u00ab\u00a0Rotas de Bairro\u00a0\u00bb qui s\u2019attache dans un quartier, sous la piste d\u2019atterrissage de l\u2019a\u00e9roport de Lisbonne, \u00e0 accueillir des enfants et des adolescent.es tsiganes ainsi que celles et ceux dont les familles sont originaires des anciennes colonies du Portugal, notamment du Cap vert.<\/p>\n\n\n\n<p>Durant le moment pass\u00e9 dans le local exigu o\u00f9 une vingtaine de gamins et de gamines \u2013 de 5 \u00e0 17 ans sans doute &#8211; jouent, discutent, regardent leur \u00e9cran de t\u00e9l\u00e9phone, je sens que Z\u00e9 Maria est attentif \u00e0 chacun.e\u00a0: un geste pour \u00e9viter qu\u2019une des plus jeunes ne glisse, un bonjour appuy\u00e9 \u00e0 un ado qui vient de pousser la porte du local\u2026 sa fiert\u00e9 de montrer le dernier projet, le micro jardin qui vient d\u2019\u00eatre install\u00e9 dans le local.<\/p>\n\n\n\n<div class=\"wp-block-image\"><figure class=\"aligncenter size-large is-resized\"><img loading=\"lazy\" decoding=\"async\" src=\"https:\/\/sites.cemea.org\/capemob\/wp-content\/uploads\/sites\/9\/2020\/02\/74E15319-768x1024.jpg\" alt=\"\" class=\"wp-image-355\" width=\"347\" height=\"463\" srcset=\"https:\/\/sites.cemea.org\/capemob\/wp-content\/uploads\/sites\/9\/2020\/02\/74E15319-768x1024.jpg 768w, https:\/\/sites.cemea.org\/capemob\/wp-content\/uploads\/sites\/9\/2020\/02\/74E15319-225x300.jpg 225w, https:\/\/sites.cemea.org\/capemob\/wp-content\/uploads\/sites\/9\/2020\/02\/74E15319-1800x2400.jpg 1800w, https:\/\/sites.cemea.org\/capemob\/wp-content\/uploads\/sites\/9\/2020\/02\/74E15319-1152x1536.jpg 1152w, https:\/\/sites.cemea.org\/capemob\/wp-content\/uploads\/sites\/9\/2020\/02\/74E15319-1536x2048.jpg 1536w, https:\/\/sites.cemea.org\/capemob\/wp-content\/uploads\/sites\/9\/2020\/02\/74E15319-1140x1520.jpg 1140w, https:\/\/sites.cemea.org\/capemob\/wp-content\/uploads\/sites\/9\/2020\/02\/74E15319-552x736.jpg 552w, https:\/\/sites.cemea.org\/capemob\/wp-content\/uploads\/sites\/9\/2020\/02\/74E15319-scaled.jpg 1920w\" sizes=\"auto, (max-width: 347px) 100vw, 347px\" \/><\/figure><\/div>\n\n\n\n<p>C\u2019est \u00e0 la fois de fiert\u00e9 de l\u2019action conduite, qui fonctionne qu\u2019il s\u2019agit et d\u2019attention aux autres, d\u2019autorit\u00e9 naturelle, consentie entre autres parce que tous et toutes le connaissent dans ce quartier. Z\u00e9 Maria calme au milieu de petits groupes, de groupes d\u2019\u00e2ge tr\u00e8s diff\u00e9rents incarne le mot accueil et tout ce qu\u2019il embarque en termes de relation \u00e9ducative\u00a0!<\/p>\n\n\n\n<p class=\"has-text-align-right\">Sophie Dargelos.&nbsp; <\/p>\n","protected":false},"excerpt":{"rendered":"<p class=\"post-excerpt\">Agir dans le quartier dans lequel on vit, un premier principe pour \u00eatre dynamisateur communautaire. Agir aupr\u00e8s des publics prioritaires&#8230;<\/p>\n","protected":false},"author":5,"featured_media":356,"comment_status":"closed","ping_status":"open","sticky":false,"template":"","format":"standard","meta":{"footnotes":""},"categories":[2,4],"tags":[],"class_list":["post-353","post","type-post","status-publish","format-standard","has-post-thumbnail","hentry","category-au-jour-le-jour","category-projet"],"_links":{"self":[{"href":"https:\/\/sites.cemea.org\/capemob\/wp-json\/wp\/v2\/posts\/353","targetHints":{"allow":["GET"]}}],"collection":[{"href":"https:\/\/sites.cemea.org\/capemob\/wp-json\/wp\/v2\/posts"}],"about":[{"href":"https:\/\/sites.cemea.org\/capemob\/wp-json\/wp\/v2\/types\/post"}],"author":[{"embeddable":true,"href":"https:\/\/sites.cemea.org\/capemob\/wp-json\/wp\/v2\/users\/5"}],"replies":[{"embeddable":true,"href":"https:\/\/sites.cemea.org\/capemob\/wp-json\/wp\/v2\/comments?post=353"}],"version-history":[{"count":3,"href":"https:\/\/sites.cemea.org\/capemob\/wp-json\/wp\/v2\/posts\/353\/revisions"}],"predecessor-version":[{"id":398,"href":"https:\/\/sites.cemea.org\/capemob\/wp-json\/wp\/v2\/posts\/353\/revisions\/398"}],"wp:featuredmedia":[{"embeddable":true,"href":"https:\/\/sites.cemea.org\/capemob\/wp-json\/wp\/v2\/media\/356"}],"wp:attachment":[{"href":"https:\/\/sites.cemea.org\/capemob\/wp-json\/wp\/v2\/media?parent=353"}],"wp:term":[{"taxonomy":"category","embeddable":true,"href":"https:\/\/sites.cemea.org\/capemob\/wp-json\/wp\/v2\/categories?post=353"},{"taxonomy":"post_tag","embeddable":true,"href":"https:\/\/sites.cemea.org\/capemob\/wp-json\/wp\/v2\/tags?post=353"}],"curies":[{"name":"wp","href":"https:\/\/api.w.org\/{rel}","templated":true}]}}