{"id":349,"date":"2020-02-27T00:33:32","date_gmt":"2020-02-26T23:33:32","guid":{"rendered":"https:\/\/sites.cemea.org\/capemob\/?p=349"},"modified":"2020-03-02T18:26:33","modified_gmt":"2020-03-02T17:26:33","slug":"conselho-nacional-da-educacao","status":"publish","type":"post","link":"https:\/\/sites.cemea.org\/capemob\/2020\/02\/27\/conselho-nacional-da-educacao\/","title":{"rendered":"Conselho Nacional da Educa\u00e7\u00e3o,"},"content":{"rendered":"\n<p>Interview de <strong>Maria Emilia Brederode Santos<\/strong>, pr\u00e9sidente du Conseil national de l\u2019\u00e9ducation<\/p>\n\n\n\n<figure class=\"wp-block-video\"><video controls src=\"https:\/\/sites.cemea.org\/capemob\/wp-content\/uploads\/sites\/9\/2020\/03\/Vid-20200226-113739-1.m4v\"><\/video><figcaption> <strong>Maria Emilia Brederode Santos<\/strong> <\/figcaption><\/figure>\n\n\n\n<p>Le <em>Conselho\nNacional da Educa\u00e7\u00e3o,<\/em> ou Conseil national de l\u2019\u00e9ducation,\nest une instance ind\u00e9pendante du minist\u00e8re de l\u2019\u00e9ducation. Sa\npr\u00e9sidente est \u00e9lue par le Parlement et ses avis sont vot\u00e9s par\nles soixante-huit conseillers, qui repr\u00e9sentent la plupart des\npartenaires de l\u2019\u00e9ducation au Portugal (syndicats enseignants,\nmairies, associations, Parlement et gouvernement, associations\nd\u2019\u00e9tudiants\u2026). \n<\/p>\n\n\n\n<p>Dans son\nfonctionnement, le Conseil a pour objectif de construire un\nconsensus, ou un compromis,  pour proposer des am\u00e9liorations aux\nmesures l\u00e9gislatives qui lui sont soumises.<\/p>\n\n\n\n<p>Ses avis sont\nconsultatifs, et proc\u00e8dent d\u2019une \u00e9tude technique r\u00e9alis\u00e9e par\nle Conseil. Ils sont vot\u00e9s en r\u00e9union pl\u00e9ni\u00e8re.<\/p>\n\n\n\n<p>Le Conseil peut \u00e9galement se voir confier une mission d\u2019\u00e9tude et s\u2019autosaisir de sujets sur lesquels faire des recommandations. Il produit \u00e9galement un \u00e9tat annuel du syst\u00e8me \u00e9ducatif.<\/p>\n","protected":false},"excerpt":{"rendered":"<p class=\"post-excerpt\">Interview de Maria Emilia Brederode Santos, pr\u00e9sidente du Conseil national de l\u2019\u00e9ducation Le Conselho Nacional da Educa\u00e7\u00e3o, ou Conseil national&#8230;<\/p>\n","protected":false},"author":5,"featured_media":0,"comment_status":"closed","ping_status":"open","sticky":false,"template":"","format":"standard","meta":{"footnotes":""},"categories":[2,4],"tags":[],"class_list":["post-349","post","type-post","status-publish","format-standard","hentry","category-au-jour-le-jour","category-projet"],"_links":{"self":[{"href":"https:\/\/sites.cemea.org\/capemob\/wp-json\/wp\/v2\/posts\/349","targetHints":{"allow":["GET"]}}],"collection":[{"href":"https:\/\/sites.cemea.org\/capemob\/wp-json\/wp\/v2\/posts"}],"about":[{"href":"https:\/\/sites.cemea.org\/capemob\/wp-json\/wp\/v2\/types\/post"}],"author":[{"embeddable":true,"href":"https:\/\/sites.cemea.org\/capemob\/wp-json\/wp\/v2\/users\/5"}],"replies":[{"embeddable":true,"href":"https:\/\/sites.cemea.org\/capemob\/wp-json\/wp\/v2\/comments?post=349"}],"version-history":[{"count":6,"href":"https:\/\/sites.cemea.org\/capemob\/wp-json\/wp\/v2\/posts\/349\/revisions"}],"predecessor-version":[{"id":722,"href":"https:\/\/sites.cemea.org\/capemob\/wp-json\/wp\/v2\/posts\/349\/revisions\/722"}],"wp:attachment":[{"href":"https:\/\/sites.cemea.org\/capemob\/wp-json\/wp\/v2\/media?parent=349"}],"wp:term":[{"taxonomy":"category","embeddable":true,"href":"https:\/\/sites.cemea.org\/capemob\/wp-json\/wp\/v2\/categories?post=349"},{"taxonomy":"post_tag","embeddable":true,"href":"https:\/\/sites.cemea.org\/capemob\/wp-json\/wp\/v2\/tags?post=349"}],"curies":[{"name":"wp","href":"https:\/\/api.w.org\/{rel}","templated":true}]}}