{"id":345,"date":"2020-02-27T00:18:32","date_gmt":"2020-02-26T23:18:32","guid":{"rendered":"https:\/\/sites.cemea.org\/capemob\/?p=345"},"modified":"2020-02-27T00:18:32","modified_gmt":"2020-02-26T23:18:32","slug":"le-systeme-educatif-portugais-principes-et-priorites","status":"publish","type":"post","link":"https:\/\/sites.cemea.org\/capemob\/2020\/02\/27\/le-systeme-educatif-portugais-principes-et-priorites\/","title":{"rendered":"Le syst\u00e8me \u00e9ducatif portugais : principes et priorit\u00e9s"},"content":{"rendered":"\n<p>Le syst\u00e8me \u00e9ducatif portugais se base sur un ensemble de principes pr\u00e9cis, parmi lesquels on souligne :<\/p>\n\n\n\n<p>l\u2019\u00e9ducation pr\u00e9scolaire universelle pour des enfants \u00e0 partir de 5 ans ;<\/p>\n\n\n\n<ul class=\"wp-block-list\"><li>l\u2019enseignement obligatoire pour tous les enfants et les jeunes pendant 12 ans \u2013 de 6 \u00e0 18 ans, ou jusqu\u2019\u00e0 la conclusion de l\u2019enseignement secondaire ;<\/li><\/ul>\n\n\n\n<ul class=\"wp-block-list\"><li>une offre \u00e9ducative gratuite aux \u00e9coles maternelles et aux \u00e9tablissements scolaires publics ;<\/li><\/ul>\n\n\n\n<ul class=\"wp-block-list\"><li>la libert\u00e9 de choix de l\u2019\u00e9tablissement scolaire fr\u00e9quent\u00e9 \u2013 \u00e9tablissements publics et priv\u00e9s ;<\/li><\/ul>\n\n\n\n<ul class=\"wp-block-list\"><li>un curriculum national et la gestion autonome des \u00e9tablissements scolaires.<\/li><\/ul>\n\n\n\n<p><strong>En ce qui concerne les grandes priorit\u00e9s du syst\u00e8me \u00e9ducatif portugais, on peut r\u00e9f\u00e9rer les priorit\u00e9s<br>suivantes :<\/strong> <\/p>\n\n\n\n<ul class=\"wp-block-list\"><li>offrir une formation de base commune, \u00e0 travers l\u2019acquisition de connaissances et le d\u00e9veloppement de capacit\u00e9s fondamentales<\/li><\/ul>\n\n\n\n<ul class=\"wp-block-list\"><li>promouvoir une culture de rigueur et d\u2019excellence dans l\u2019\u00e9ducation<\/li><\/ul>\n\n\n\n<ul class=\"wp-block-list\"><li>am\u00e9liorer la r\u00e9ussite scolaire et la qualit\u00e9 de l\u2019\u00e9ducation.<\/li><\/ul>\n\n\n\n<p><strong>Le syst\u00e8me \u00e9ducatif portugais \u2013 Structure<\/strong><br>Comme l\u2019on a signal\u00e9, au Portugal l\u2019enseignement est obligatoire pendant 12 ans, pour tous les \u00e9l\u00e8ves \u00e2g\u00e9s de 6-18 ans ou jusqu\u2019\u00e0 ce qu\u2019ils compl\u00e8tent l\u2019enseignement secondaire.<br>L\u2019enseignement obligatoire est fondamentalement divis\u00e9 en deux \u00e9tapes. La premi\u00e8re \u00e9tape est appel\u00e9e ensino b\u00e1sico (enseignement \u00e9l\u00e9mentaire) et correspond \u00e0 l\u2019enseignement primaire et au coll\u00e8ge. L\u2019enseignement \u00e9l\u00e9mentaire dure 9 ans et il est divis\u00e9 en 3 cycles de scolarit\u00e9 :<\/p>\n\n\n\n<ul class=\"wp-block-list\"><li>le 1 er cycle dure 4 ans \u2013 de la 1 \u00e8re ann\u00e9e \u00e0 la 4 e ann\u00e9e \u2013 et il est destin\u00e9 aux enfants \u00e2g\u00e9s de 6 \u00e0 10 ans<\/li><\/ul>\n\n\n\n<ul class=\"wp-block-list\"><li>le 2 \u00e8me cycle dure 2 ans \u2013 de la 5 e ann\u00e9e \u00e0 la 6 e ann\u00e9e \u2013 et il est destin\u00e9 aux \u00e9l\u00e8ves \u00e2g\u00e9s de 10 \u00e0 12 ans<\/li><\/ul>\n\n\n\n<div class=\"wp-block-group\"><div class=\"wp-block-group__inner-container is-layout-flow wp-block-group-is-layout-flow\">\n<ul class=\"wp-block-list\"><li>le 3 \u00e8me cycle dure 3 ans \u2013 de la 7 e ann\u00e9e \u00e0 la 9 e ann\u00e9e \u2013 et il est destin\u00e9 aux \u00e9l\u00e8ves \u00e2g\u00e9s de 12 \u00e0 15 ans<br><\/li><\/ul>\n\n\n\n<p>La deuxi\u00e8me \u00e9tape de l\u2019enseignement obligatoire est appel\u00e9 ensino secund\u00e1rio (enseignement secondaire) et correspond au lyc\u00e9e. L\u2019enseignement secondaire dure 3 ans \u2013 de la 10 e ann\u00e9e \u00e0 la 12 e ann\u00e9e \u2013 et il est destin\u00e9 aux \u00e9l\u00e8ves \u00e2g\u00e9s de 15 \u00e0 18 ans.<br> <\/p>\n<\/div><\/div>\n\n\n\n<p>Source : Syst\u00e8me \u00e9ducatif portugais &#8211; Eul\u00e1lia Alexandre &#8211; https:\/\/doi.org\/1 0.4000\/carnets.1832<\/p>\n","protected":false},"excerpt":{"rendered":"<p class=\"post-excerpt\">Le syst\u00e8me \u00e9ducatif portugais se base sur un ensemble de principes pr\u00e9cis, parmi lesquels on souligne : l\u2019\u00e9ducation pr\u00e9scolaire universelle&#8230;<\/p>\n","protected":false},"author":5,"featured_media":24,"comment_status":"closed","ping_status":"open","sticky":false,"template":"","format":"standard","meta":{"footnotes":""},"categories":[2,4],"tags":[],"class_list":["post-345","post","type-post","status-publish","format-standard","has-post-thumbnail","hentry","category-au-jour-le-jour","category-projet"],"_links":{"self":[{"href":"https:\/\/sites.cemea.org\/capemob\/wp-json\/wp\/v2\/posts\/345","targetHints":{"allow":["GET"]}}],"collection":[{"href":"https:\/\/sites.cemea.org\/capemob\/wp-json\/wp\/v2\/posts"}],"about":[{"href":"https:\/\/sites.cemea.org\/capemob\/wp-json\/wp\/v2\/types\/post"}],"author":[{"embeddable":true,"href":"https:\/\/sites.cemea.org\/capemob\/wp-json\/wp\/v2\/users\/5"}],"replies":[{"embeddable":true,"href":"https:\/\/sites.cemea.org\/capemob\/wp-json\/wp\/v2\/comments?post=345"}],"version-history":[{"count":1,"href":"https:\/\/sites.cemea.org\/capemob\/wp-json\/wp\/v2\/posts\/345\/revisions"}],"predecessor-version":[{"id":346,"href":"https:\/\/sites.cemea.org\/capemob\/wp-json\/wp\/v2\/posts\/345\/revisions\/346"}],"wp:featuredmedia":[{"embeddable":true,"href":"https:\/\/sites.cemea.org\/capemob\/wp-json\/wp\/v2\/media\/24"}],"wp:attachment":[{"href":"https:\/\/sites.cemea.org\/capemob\/wp-json\/wp\/v2\/media?parent=345"}],"wp:term":[{"taxonomy":"category","embeddable":true,"href":"https:\/\/sites.cemea.org\/capemob\/wp-json\/wp\/v2\/categories?post=345"},{"taxonomy":"post_tag","embeddable":true,"href":"https:\/\/sites.cemea.org\/capemob\/wp-json\/wp\/v2\/tags?post=345"}],"curies":[{"name":"wp","href":"https:\/\/api.w.org\/{rel}","templated":true}]}}