{"id":343,"date":"2020-02-27T00:06:13","date_gmt":"2020-02-26T23:06:13","guid":{"rendered":"https:\/\/sites.cemea.org\/capemob\/?p=343"},"modified":"2020-02-27T00:06:13","modified_gmt":"2020-02-26T23:06:13","slug":"rotas-do-bairro","status":"publish","type":"post","link":"https:\/\/sites.cemea.org\/capemob\/2020\/02\/27\/rotas-do-bairro\/","title":{"rendered":"Rotas do Bairro"},"content":{"rendered":"\n<p class=\"has-text-align-left\">Rencontre avec l\u2019association \u00ab Rotas do Bairro \u00bb &#8211; Programa Escholas E7G<br>Mes impressions<br>Les trois professionnels nous re\u00e7oivent dans un petit local en pr\u00e9sence d\u2019une vingtaine d\u2019enfants et de jeunes issus des populations gitanes et capverdiennes du quartier. Les enfants et les jeunes entrent et sortent du local, courent, se tra\u00eenent sous la table, s\u2019interpellent, r\u00e9clament de l\u2019attention, s\u2019amusent avec l\u2019\u00e9cran de lumi\u00e8re du vid\u00e9oprojecteur. Face \u00e0 cette ambiance \u00e9lectrique, malgr\u00e9 le niveau sonore, avec une petite fille dans les bras ou une autre qui lui tripote les cheveux, la psychologue pr\u00e9sente le projet de l\u2019association et r\u00e9pond, imperturbable, \u00e0 nos questions. Les \u00ab \u00e9ducateurs \u00bb sont en fait deux psychologues et un dynamisateur communautaire.<br>Je suis impressionn\u00e9e par leur calme face \u00e0 l\u2019agitation et au bruit ambiant. Je suis assez \u00e9bahie de constater que des psychologues, niveau universitaire bac + 5, travaillent dans ce type d\u2019association de quartier, en direct dans l\u2019animation et l\u2019\u00e9ducation de ces publics en difficult\u00e9s. Ils sont tr\u00e8s pr\u00e9sents sur le terrain p\u00e9riscolaire mais aussi \u00e0 l\u2019\u00e9cole. Les m\u00eames peuvent ouvrir un cabinet en ville et recevoir des patients. La situation est bien diff\u00e9rente en France\u2026 o\u00f9 ce travail d\u2019\u00e9ducation est confi\u00e9 \u00e0 des animateurs et o\u00f9 la profession de psychologue est organis\u00e9e autrement.<br><\/p>\n\n\n\n<p class=\"has-text-align-right\">Isabelle Lardon<\/p>\n","protected":false},"excerpt":{"rendered":"<p class=\"post-excerpt\">Rencontre avec l\u2019association \u00ab Rotas do Bairro \u00bb &#8211; Programa Escholas E7GMes impressionsLes trois professionnels nous re\u00e7oivent dans un petit&#8230;<\/p>\n","protected":false},"author":5,"featured_media":340,"comment_status":"closed","ping_status":"open","sticky":false,"template":"","format":"standard","meta":{"footnotes":""},"categories":[2,4],"tags":[],"class_list":["post-343","post","type-post","status-publish","format-standard","has-post-thumbnail","hentry","category-au-jour-le-jour","category-projet"],"_links":{"self":[{"href":"https:\/\/sites.cemea.org\/capemob\/wp-json\/wp\/v2\/posts\/343","targetHints":{"allow":["GET"]}}],"collection":[{"href":"https:\/\/sites.cemea.org\/capemob\/wp-json\/wp\/v2\/posts"}],"about":[{"href":"https:\/\/sites.cemea.org\/capemob\/wp-json\/wp\/v2\/types\/post"}],"author":[{"embeddable":true,"href":"https:\/\/sites.cemea.org\/capemob\/wp-json\/wp\/v2\/users\/5"}],"replies":[{"embeddable":true,"href":"https:\/\/sites.cemea.org\/capemob\/wp-json\/wp\/v2\/comments?post=343"}],"version-history":[{"count":1,"href":"https:\/\/sites.cemea.org\/capemob\/wp-json\/wp\/v2\/posts\/343\/revisions"}],"predecessor-version":[{"id":344,"href":"https:\/\/sites.cemea.org\/capemob\/wp-json\/wp\/v2\/posts\/343\/revisions\/344"}],"wp:featuredmedia":[{"embeddable":true,"href":"https:\/\/sites.cemea.org\/capemob\/wp-json\/wp\/v2\/media\/340"}],"wp:attachment":[{"href":"https:\/\/sites.cemea.org\/capemob\/wp-json\/wp\/v2\/media?parent=343"}],"wp:term":[{"taxonomy":"category","embeddable":true,"href":"https:\/\/sites.cemea.org\/capemob\/wp-json\/wp\/v2\/categories?post=343"},{"taxonomy":"post_tag","embeddable":true,"href":"https:\/\/sites.cemea.org\/capemob\/wp-json\/wp\/v2\/tags?post=343"}],"curies":[{"name":"wp","href":"https:\/\/api.w.org\/{rel}","templated":true}]}}