{"id":292,"date":"2020-02-26T02:04:10","date_gmt":"2020-02-26T01:04:10","guid":{"rendered":"https:\/\/sites.cemea.org\/capemob\/?p=292"},"modified":"2020-03-06T17:13:13","modified_gmt":"2020-03-06T16:13:13","slug":"hommage-culinaire","status":"publish","type":"post","link":"https:\/\/sites.cemea.org\/capemob\/2020\/02\/26\/hommage-culinaire\/","title":{"rendered":"Hommage culinaire"},"content":{"rendered":"\n<p>Ne me\ndemandez pas, si nous avions faim.<\/p>\n\n\n\n<p>Nous avions\nprivil\u00e9gi\u00e9, c\u2019\u00e9tait d\u00e8s le matin<\/p>\n\n\n\n<p>Le petit\nd\u00e9jeuner, Etape pour commencer,<\/p>\n\n\n\n<p>Cette\ndeuxi\u00e8me journ\u00e9e, Lisbonne vous connaissez&nbsp;?<\/p>\n\n\n\n<p>S\u2019aventurer<\/p>\n\n\n\n<p>Ne me\ndemandez pas, si nous avons respect\u00e9<\/p>\n\n\n\n<p>L\u2019heure pr\u00e9cise\net sonnante, fix\u00e9e \u00e0 midi trente&nbsp;!<\/p>\n\n\n\n<p>En respect\nde notre h\u00f4te, Il faut aller manger <\/p>\n\n\n\n<p>En remontant la c\u00f4te, enfin sommes arriv\u00e9s.<\/p>\n\n\n\n<div class=\"wp-block-image is-style-circle-mask\"><figure class=\"aligncenter size-large is-resized\"><img loading=\"lazy\" decoding=\"async\" src=\"https:\/\/sites.cemea.org\/capemob\/wp-content\/uploads\/sites\/9\/2020\/03\/3-recettes-de-bacalhau-1-768x1024.jpg\" alt=\"\" class=\"wp-image-870\" width=\"291\" height=\"388\" srcset=\"https:\/\/sites.cemea.org\/capemob\/wp-content\/uploads\/sites\/9\/2020\/03\/3-recettes-de-bacalhau-1-768x1024.jpg 768w, https:\/\/sites.cemea.org\/capemob\/wp-content\/uploads\/sites\/9\/2020\/03\/3-recettes-de-bacalhau-1-225x300.jpg 225w, https:\/\/sites.cemea.org\/capemob\/wp-content\/uploads\/sites\/9\/2020\/03\/3-recettes-de-bacalhau-1-1800x2400.jpg 1800w, https:\/\/sites.cemea.org\/capemob\/wp-content\/uploads\/sites\/9\/2020\/03\/3-recettes-de-bacalhau-1-1152x1536.jpg 1152w, https:\/\/sites.cemea.org\/capemob\/wp-content\/uploads\/sites\/9\/2020\/03\/3-recettes-de-bacalhau-1-1536x2048.jpg 1536w, https:\/\/sites.cemea.org\/capemob\/wp-content\/uploads\/sites\/9\/2020\/03\/3-recettes-de-bacalhau-1-1140x1520.jpg 1140w, https:\/\/sites.cemea.org\/capemob\/wp-content\/uploads\/sites\/9\/2020\/03\/3-recettes-de-bacalhau-1-552x736.jpg 552w, https:\/\/sites.cemea.org\/capemob\/wp-content\/uploads\/sites\/9\/2020\/03\/3-recettes-de-bacalhau-1-scaled.jpg 1920w\" sizes=\"auto, (max-width: 291px) 100vw, 291px\" \/><\/figure><\/div>\n\n\n\n<p>Respecter<\/p>\n\n\n\n<p>C\u2019est un\nmarch\u00e9 couvert, un espace lumineux<\/p>\n\n\n\n<p>Dress\u00e9 pour\nle couvert, et des mets faits au mieux<\/p>\n\n\n\n<p>Une base de\nproduits frais, pour soigner les convives.<\/p>\n\n\n\n<p>Un march\u00e9 de\nquartier, qui tente de revivre.<\/p>\n\n\n\n<p>Simplicit\u00e9<\/p>\n\n\n\n<p>Certains\ndiront une tabl\u00e9e, d\u2019autres une c\u00e8ne<\/p>\n\n\n\n<p>Nous \u00e9tions douze,\net voil\u00e0 le treizi\u00e8me<\/p>\n\n\n\n<p>Qui nous\ninvite \u00e0 partager, un peu de son quartier<\/p>\n\n\n\n<p>Quelques plats portugais, en toute simplicit\u00e9.<\/p>\n\n\n\n<figure class=\"wp-block-gallery aligncenter columns-3 is-cropped wp-block-gallery-1 is-layout-flex wp-block-gallery-is-layout-flex\"><ul class=\"blocks-gallery-grid\"><li class=\"blocks-gallery-item\"><figure><img loading=\"lazy\" decoding=\"async\" width=\"1024\" height=\"768\" src=\"https:\/\/sites.cemea.org\/capemob\/wp-content\/uploads\/sites\/9\/2020\/03\/3-recettes-de-bacalhau-2-1024x768.jpg\" alt=\"\" data-id=\"871\" data-full-url=\"https:\/\/sites.cemea.org\/capemob\/wp-content\/uploads\/sites\/9\/2020\/03\/3-recettes-de-bacalhau-2-scaled.jpg\" data-link=\"https:\/\/sites.cemea.org\/capemob\/3-recettes-de-bacalhau-2\/\" class=\"wp-image-871\" srcset=\"https:\/\/sites.cemea.org\/capemob\/wp-content\/uploads\/sites\/9\/2020\/03\/3-recettes-de-bacalhau-2-1024x768.jpg 1024w, https:\/\/sites.cemea.org\/capemob\/wp-content\/uploads\/sites\/9\/2020\/03\/3-recettes-de-bacalhau-2-300x225.jpg 300w, https:\/\/sites.cemea.org\/capemob\/wp-content\/uploads\/sites\/9\/2020\/03\/3-recettes-de-bacalhau-2-768x576.jpg 768w, https:\/\/sites.cemea.org\/capemob\/wp-content\/uploads\/sites\/9\/2020\/03\/3-recettes-de-bacalhau-2-1800x1350.jpg 1800w, https:\/\/sites.cemea.org\/capemob\/wp-content\/uploads\/sites\/9\/2020\/03\/3-recettes-de-bacalhau-2-1536x1152.jpg 1536w, https:\/\/sites.cemea.org\/capemob\/wp-content\/uploads\/sites\/9\/2020\/03\/3-recettes-de-bacalhau-2-2048x1536.jpg 2048w, https:\/\/sites.cemea.org\/capemob\/wp-content\/uploads\/sites\/9\/2020\/03\/3-recettes-de-bacalhau-2-1140x855.jpg 1140w, https:\/\/sites.cemea.org\/capemob\/wp-content\/uploads\/sites\/9\/2020\/03\/3-recettes-de-bacalhau-2-552x414.jpg 552w\" sizes=\"auto, (max-width: 1024px) 100vw, 1024px\" \/><\/figure><\/li><li class=\"blocks-gallery-item\"><figure><img loading=\"lazy\" decoding=\"async\" width=\"768\" height=\"1024\" src=\"https:\/\/sites.cemea.org\/capemob\/wp-content\/uploads\/sites\/9\/2020\/03\/3-recettes-de-bacalhau-1-768x1024.jpg\" alt=\"\" data-id=\"870\" data-full-url=\"https:\/\/sites.cemea.org\/capemob\/wp-content\/uploads\/sites\/9\/2020\/03\/3-recettes-de-bacalhau-1-scaled.jpg\" data-link=\"https:\/\/sites.cemea.org\/capemob\/3-recettes-de-bacalhau-1\/\" class=\"wp-image-870\" srcset=\"https:\/\/sites.cemea.org\/capemob\/wp-content\/uploads\/sites\/9\/2020\/03\/3-recettes-de-bacalhau-1-768x1024.jpg 768w, https:\/\/sites.cemea.org\/capemob\/wp-content\/uploads\/sites\/9\/2020\/03\/3-recettes-de-bacalhau-1-225x300.jpg 225w, https:\/\/sites.cemea.org\/capemob\/wp-content\/uploads\/sites\/9\/2020\/03\/3-recettes-de-bacalhau-1-1800x2400.jpg 1800w, https:\/\/sites.cemea.org\/capemob\/wp-content\/uploads\/sites\/9\/2020\/03\/3-recettes-de-bacalhau-1-1152x1536.jpg 1152w, https:\/\/sites.cemea.org\/capemob\/wp-content\/uploads\/sites\/9\/2020\/03\/3-recettes-de-bacalhau-1-1536x2048.jpg 1536w, https:\/\/sites.cemea.org\/capemob\/wp-content\/uploads\/sites\/9\/2020\/03\/3-recettes-de-bacalhau-1-1140x1520.jpg 1140w, https:\/\/sites.cemea.org\/capemob\/wp-content\/uploads\/sites\/9\/2020\/03\/3-recettes-de-bacalhau-1-552x736.jpg 552w, https:\/\/sites.cemea.org\/capemob\/wp-content\/uploads\/sites\/9\/2020\/03\/3-recettes-de-bacalhau-1-scaled.jpg 1920w\" sizes=\"auto, (max-width: 768px) 100vw, 768px\" \/><\/figure><\/li><li class=\"blocks-gallery-item\"><figure><img loading=\"lazy\" decoding=\"async\" width=\"791\" height=\"593\" src=\"https:\/\/sites.cemea.org\/capemob\/wp-content\/uploads\/sites\/9\/2020\/03\/pasteis-de-nata.jpg\" alt=\"\" data-id=\"765\" data-full-url=\"https:\/\/sites.cemea.org\/capemob\/wp-content\/uploads\/sites\/9\/2020\/03\/pasteis-de-nata.jpg\" data-link=\"https:\/\/sites.cemea.org\/capemob\/pasteis-de-nata\/\" class=\"wp-image-765\" srcset=\"https:\/\/sites.cemea.org\/capemob\/wp-content\/uploads\/sites\/9\/2020\/03\/pasteis-de-nata.jpg 791w, https:\/\/sites.cemea.org\/capemob\/wp-content\/uploads\/sites\/9\/2020\/03\/pasteis-de-nata-300x225.jpg 300w, https:\/\/sites.cemea.org\/capemob\/wp-content\/uploads\/sites\/9\/2020\/03\/pasteis-de-nata-768x576.jpg 768w, https:\/\/sites.cemea.org\/capemob\/wp-content\/uploads\/sites\/9\/2020\/03\/pasteis-de-nata-552x414.jpg 552w\" sizes=\"auto, (max-width: 791px) 100vw, 791px\" \/><\/figure><\/li><\/ul><\/figure>\n\n\n\n<p>Humanit\u00e9<\/p>\n\n\n\n<p>Vous me\ndirez encore, d\u2019o\u00f9 vient cette importance<\/p>\n\n\n\n<p>De connaitre\nle plat, qui va droit dans la panse<\/p>\n\n\n\n<p>Quand\nparfois c\u2019est la langue, qui fourche o\u00f9 vous trahit<\/p>\n\n\n\n<p>Et comme c\u2019est\n\u00e9trange, vous voil\u00e0 bien servit.<\/p>\n\n\n\n<p>Complicit\u00e9<\/p>\n\n\n\n<p>Un peu d\u2019eau\net du vin, Il a eu le nez fin<\/p>\n\n\n\n<p>Les portions\nde nos plats, \u00e0 nulle autre pareille<\/p>\n\n\n\n<p>Comme nous\nvoil\u00e0 combl\u00e9s, certains disent rassasi\u00e9s.<\/p>\n\n\n\n<p>Comme\nGargantua, ou bien Pantagruel&nbsp;!<\/p>\n\n\n\n<p>Gustativit\u00e9.<\/p>\n\n\n\n<p>Que pouvons-\nnous \u00e9crire, en cette fin de journ\u00e9e<\/p>\n\n\n\n<p>Maintenant\nque voici, nous avons dig\u00e9r\u00e9<\/p>\n\n\n\n<p>En arpentant\nde nuit, les rues de Lisboa<\/p>\n\n\n\n<p>Jos\u00e9 pour ce\nd\u00e9fi, avec nos douze voix<\/p>\n\n\n\n<p>Obrigado, obrigada<\/p>\n\n\n\n<p class=\"has-text-align-right\">Pascal Peron<\/p>\n","protected":false},"excerpt":{"rendered":"<p class=\"post-excerpt\">Ne me demandez pas, si nous avions faim. Nous avions privil\u00e9gi\u00e9, c\u2019\u00e9tait d\u00e8s le matin Le petit d\u00e9jeuner, Etape pour&#8230;<\/p>\n","protected":false},"author":5,"featured_media":866,"comment_status":"closed","ping_status":"open","sticky":false,"template":"","format":"standard","meta":{"footnotes":""},"categories":[2],"tags":[],"class_list":["post-292","post","type-post","status-publish","format-standard","has-post-thumbnail","hentry","category-au-jour-le-jour"],"_links":{"self":[{"href":"https:\/\/sites.cemea.org\/capemob\/wp-json\/wp\/v2\/posts\/292","targetHints":{"allow":["GET"]}}],"collection":[{"href":"https:\/\/sites.cemea.org\/capemob\/wp-json\/wp\/v2\/posts"}],"about":[{"href":"https:\/\/sites.cemea.org\/capemob\/wp-json\/wp\/v2\/types\/post"}],"author":[{"embeddable":true,"href":"https:\/\/sites.cemea.org\/capemob\/wp-json\/wp\/v2\/users\/5"}],"replies":[{"embeddable":true,"href":"https:\/\/sites.cemea.org\/capemob\/wp-json\/wp\/v2\/comments?post=292"}],"version-history":[{"count":4,"href":"https:\/\/sites.cemea.org\/capemob\/wp-json\/wp\/v2\/posts\/292\/revisions"}],"predecessor-version":[{"id":892,"href":"https:\/\/sites.cemea.org\/capemob\/wp-json\/wp\/v2\/posts\/292\/revisions\/892"}],"wp:featuredmedia":[{"embeddable":true,"href":"https:\/\/sites.cemea.org\/capemob\/wp-json\/wp\/v2\/media\/866"}],"wp:attachment":[{"href":"https:\/\/sites.cemea.org\/capemob\/wp-json\/wp\/v2\/media?parent=292"}],"wp:term":[{"taxonomy":"category","embeddable":true,"href":"https:\/\/sites.cemea.org\/capemob\/wp-json\/wp\/v2\/categories?post=292"},{"taxonomy":"post_tag","embeddable":true,"href":"https:\/\/sites.cemea.org\/capemob\/wp-json\/wp\/v2\/tags?post=292"}],"curies":[{"name":"wp","href":"https:\/\/api.w.org\/{rel}","templated":true}]}}