{"id":26,"date":"2020-01-23T17:25:22","date_gmt":"2020-01-23T16:25:22","guid":{"rendered":"https:\/\/sites.cemea.org\/capemob\/?p=26"},"modified":"2020-02-12T21:16:16","modified_gmt":"2020-02-12T20:16:16","slug":"qui-sommes-nous","status":"publish","type":"post","link":"https:\/\/sites.cemea.org\/capemob\/2020\/01\/23\/qui-sommes-nous\/","title":{"rendered":"Qui sommes-nous ?"},"content":{"rendered":"\n<p>Les participant.e.s sont des militant.e.s d&rsquo;associations fran\u00e7aises compl\u00e9mentaires de l&rsquo;Enseignement public ainsi que des membres de mouvement p\u00e9dagogiques . Ils\/elles repr\u00e9sentent une dizaine d&rsquo;organisations fran\u00e7aises toutes engag\u00e9es et mobilis\u00e9es au sein d&rsquo;un collectif national : le Collectif des Associations Partenaires de l&rsquo;Ecole Publique (CAPE). Membres des CEMEA, ils\/elles ont choisi de partager ce projet de mobilit\u00e9 au Portugal pour d\u00e9couvrir un autre syst\u00e8me \u00e9ducatif, une autre fa\u00e7on de construire la compl\u00e9mentarit\u00e9 entre \u00e9ducation formelle (l&rsquo;Ecole) et espaces d&rsquo;\u00e9ducation non formelle. Ils seront accueillis par une association portugaise, le CLUBE intercultural de Lisbonne, qui a pr\u00e9par\u00e9 les rencontres avec des acteurs institutionnels et des partenaires associatifs. <\/p>\n\n\n\n<p>Voici la liste des participant.e.s : <\/p>\n\n\n\n<p><strong>LIGUE de l&rsquo;Enseignement :<\/strong>&nbsp;Arnaud TIERCELIN Responsable national du secteur Education<\/p>\n\n\n\n<p><strong>CEMEA :&nbsp;<\/strong>&nbsp;Jean-Luc CAZAILLON Directeur G\u00e9n\u00e9ral des CEMEA France<\/p>\n\n\n\n<p><strong>F\u00e9d\u00e9ration nationale des FRANCAS<\/strong>&nbsp;: Sophie DARGELOS Directrice nationale du Programme \u00ab\u00a0Projet local d&rsquo;Education &#8211; Ecole\u00a0\u00bb<\/p>\n\n\n\n<p><strong>CRAP-Cahiers P\u00e9dagogiques :<\/strong>&nbsp;C\u00e9cile BLANCHARD R\u00e9dactrice en Chef des Cahiers P\u00e9dagogiques<\/p>\n\n\n\n<p><strong>GFEN <\/strong>(Groupe Fran\u00e7ais d&rsquo;Education Nouvelle) : Isabelle LARDON\u00a0<strong>et<\/strong>\u00a0Jacqueline BONNARD Secr\u00e9taires nationales<\/p>\n\n\n\n<p><strong>F\u00e9d\u00e9ration G\u00e9n\u00e9rale des PEP:&nbsp;<\/strong>&nbsp;Isabelle MONFORTE Directrice de l&rsquo;animation des secteurs et programmes<\/p>\n\n\n\n<p><strong>Office Central de la Coop\u00e9ration \u00e0 l&rsquo;Ecole (OCCE) :&nbsp;<\/strong>Huguette DEBROUWER Pr\u00e9sidente Nationale<\/p>\n\n\n\n<p><strong>Eclaireurs et Eclaireuses De France (EEDF) :&nbsp;<\/strong>&nbsp;Pascal PERRON D\u00e9l\u00e9gu\u00e9 national des Programmes Educatifs<\/p>\n\n\n\n<p><strong>Education et Devenir:&nbsp;<\/strong>&nbsp;Dimitri LENTULUS Principal de coll\u00e8ge en charge de la Cit\u00e9 Educative de Paris 19<\/p>\n\n\n\n<p><strong>F\u00e9d\u00e9ration des Etablissements Scolaires Publics Innovants (FESPI) :&nbsp;&nbsp;<\/strong>Marc CHAIGNEAU&nbsp;<\/p>\n\n\n\n<p>Le Mouvement fran\u00e7ais des R\u00e9seaux d&rsquo;\u00c9changes R\u00e9ciproques de Savoirs\u00ae&nbsp;<strong>FORESCO&nbsp;<\/strong>(<strong>Fo<\/strong>rmation&nbsp;<strong>R<\/strong>\u00e9ciproques<strong>\u00c9<\/strong>changes de&nbsp;<strong>S<\/strong>avoirs Cr\u00e9ations&nbsp;<strong>Co<\/strong>llectives): Patricia BLEYDORN Enseignante&nbsp; <\/p>\n","protected":false},"excerpt":{"rendered":"<p class=\"post-excerpt\">Les participant.e.s sont des militant.e.s d&rsquo;associations fran\u00e7aises compl\u00e9mentaires de l&rsquo;Enseignement public ainsi que des membres de mouvement p\u00e9dagogiques . Ils\/elles&#8230;<\/p>\n","protected":false},"author":1,"featured_media":178,"comment_status":"closed","ping_status":"open","sticky":false,"template":"","format":"standard","meta":{"footnotes":""},"categories":[2,4,5],"tags":[],"class_list":["post-26","post","type-post","status-publish","format-standard","has-post-thumbnail","hentry","category-au-jour-le-jour","category-projet","category-participants"],"_links":{"self":[{"href":"https:\/\/sites.cemea.org\/capemob\/wp-json\/wp\/v2\/posts\/26","targetHints":{"allow":["GET"]}}],"collection":[{"href":"https:\/\/sites.cemea.org\/capemob\/wp-json\/wp\/v2\/posts"}],"about":[{"href":"https:\/\/sites.cemea.org\/capemob\/wp-json\/wp\/v2\/types\/post"}],"author":[{"embeddable":true,"href":"https:\/\/sites.cemea.org\/capemob\/wp-json\/wp\/v2\/users\/1"}],"replies":[{"embeddable":true,"href":"https:\/\/sites.cemea.org\/capemob\/wp-json\/wp\/v2\/comments?post=26"}],"version-history":[{"count":4,"href":"https:\/\/sites.cemea.org\/capemob\/wp-json\/wp\/v2\/posts\/26\/revisions"}],"predecessor-version":[{"id":135,"href":"https:\/\/sites.cemea.org\/capemob\/wp-json\/wp\/v2\/posts\/26\/revisions\/135"}],"wp:featuredmedia":[{"embeddable":true,"href":"https:\/\/sites.cemea.org\/capemob\/wp-json\/wp\/v2\/media\/178"}],"wp:attachment":[{"href":"https:\/\/sites.cemea.org\/capemob\/wp-json\/wp\/v2\/media?parent=26"}],"wp:term":[{"taxonomy":"category","embeddable":true,"href":"https:\/\/sites.cemea.org\/capemob\/wp-json\/wp\/v2\/categories?post=26"},{"taxonomy":"post_tag","embeddable":true,"href":"https:\/\/sites.cemea.org\/capemob\/wp-json\/wp\/v2\/tags?post=26"}],"curies":[{"name":"wp","href":"https:\/\/api.w.org\/{rel}","templated":true}]}}