{"id":208,"date":"2020-02-18T22:59:50","date_gmt":"2020-02-18T21:59:50","guid":{"rendered":"https:\/\/sites.cemea.org\/capemob\/?p=208"},"modified":"2020-02-18T23:01:26","modified_gmt":"2020-02-18T22:01:26","slug":"groupe-francais-deducation-nouvelle-english-version","status":"publish","type":"post","link":"https:\/\/sites.cemea.org\/capemob\/2020\/02\/18\/groupe-francais-deducation-nouvelle-english-version\/","title":{"rendered":"Groupe Fran\u00e7ais d&rsquo;Education Nouvelle (english version)"},"content":{"rendered":"\n<p>A Movement in History<br>The new education prepares the child, not only the future citizen capable of fulfilling his duties to his loved ones and to humanity as a whole, but also the human being conscious of his dignity as a man . <em>principle of the International League for New Education &#8211; 1921<\/em><br><strong>1921<\/strong> Creation of the International League for New Education: in the face of the horror of the first world conflict, the idea that a new education could preserve peace international is essential.<br><strong>1921-1929<\/strong> New practices: mutuality and the school cooperative with Barth\u00e9l\u00e9my Profit, free work in small groups with Roger Cousinet, the role of work and cooperation in learning with C\u00e9lestin Freinet<br><strong>1922<\/strong> Creation of \u00ab\u00a0l&rsquo;Education Nouvelle, a group of studies,<br>research and educational experiences\u00a0\u00bb which became in 1929<br>the Groupe Fran\u00e7ais d&rsquo;Education Nouvelle. Nourished by the<br>research of illustrious precursors (Rousseau, Pestalozzi,<br>Jacototot, Montessori, Decroly, Makarenko, Korczak, Bakul\u00e9,<br>Freinet, Piaget, Freire\u2026), Paul Langevin, Henri Wallon,<br>Gaston Mialaret, Robert Gloton, Henri Bassis, Odette Bassis &#8211; presidents or vice-presidents of the movement &#8211; contribute to forging its identity.<br><strong>1962-1971<\/strong> The experimental group in the 20th arrondissement of Paris, under the aegis of Robert Gloton, is working to develop a new way of looking at children and their potential, the teaching profession and its practices, and the possible place of school with parents and in society.<br><strong>1971-1975<\/strong> The contributions of this experiment are reinvested, developed in Chad in a project of training\/transformation of teaching practices under the leadership of Henri and Odette Bassis, who, making a decisive break in the transmission of knowledge, have created a new way of teaching. The approach of self-socio-construction of knowledge, a concept nourished by the work of Bachelard, Bourdieu, Bruner, Leontyev, Piaget, Vygotsky. The GFEN develops writing workshops.<br><strong>1981<\/strong> First GFEN Summer University in Montpellier.<br>Since  then, in order to oppose the ideology of donations, tofight against fatalities and to develop solidarity practices, the GFEN has continued to reflect on and work on the report to the knowledge and the importance of socio-cognitive conflict in the in the learning and creation.<br><strong>2007<\/strong> Succeeding Odette Bassis, Jacques Bernardin is president of the movement since that date.<br><strong>2008<\/strong> First National Meetings \u00ab\u00a0Help, how can they do without it?\u00a0\u00bb<br><strong>2009<\/strong> First National Meetings \u00a0\u00bb So that the kindergarten goes to school\u00a0\u00bb.<\/p>\n\n\n\n<p><strong>Rejecting failure and creating the conditions for success, for emancipation\u2026<\/strong> <em>intervenes<\/em> <\/p>\n\n\n\n<ul class=\"wp-block-list\"><li>from kindergarten to university, in all disciplines<br>in administrations, associations, libraries, collectives, companies, territorial services, unions\u2026<\/li><li>in the fields of culture, education, justice, health\u2026<\/li><li>for volunteers, communities, excluded people, individuals, professionals .<\/li><\/ul>\n\n\n\n<p><em>Because <\/em>: <\/p>\n\n\n\n<ul class=\"wp-block-list\"><li>learning is not about recipes but about strategies\u2026 the GFEN proposes tools most often in the form of \u201cformalities\u201d;<\/li><li>knowledge is not transmitted but is built\u2026 the GFEN proposes situations of knowledge building ;<\/li><li>the act of learning is a singular, individual act\u2026 the GFEN speaks of self-construction;<\/li><li>we learn alone but with others \u2026 the GFEN talks about self socio-construction of knowledge.<\/li><\/ul>\n\n\n\n<p><strong>Building practices to train, to transform oneself..<\/strong><\/p>\n\n\n\n<p><em>initiates, organizes, collaborates, participates in :<\/em><\/p>\n\n\n\n<ul class=\"wp-block-list\"><li>activities; writing and creation workshops\u2026<\/li><li>training of trainers, initial and continuing professional training\u2026<\/li><li>symposiums, conferences, study days, forums\u2026<\/li><li>parents&rsquo; meetings, working groups, seminars\u2026<\/li><li>summer universities\u2026<\/li><li>work with research teams\u2026<\/li><li>co-writing works\u2026<\/li><\/ul>\n\n\n\n<p>The GFEN, as an actor in the construction of the \u00ab\u00a0global citizen\u00a0\u00bb, participates in<br>&#8211; at international summer schools, World Education Forum (Porto Alegre,Nairobi,Malm\u00f6,Istanbul);<br>&#8211; to the work and publications of other international groups (Belgique, Bolivie, Catalogne, Ha\u00efti, Italie, Kenya, Luxembourg, Maroc, Roumanie, Russie, Suisse, Togo, Tunisie, ) ;<br>&#8211; LIEN : GFEN is member of Lien International d&rsquo;Education Nouvelle since its creation in 2001<\/p>\n\n\n\n<p><strong>Meeting to think, seek and act together\u2026<\/strong><\/p>\n\n\n\n<p><em>acts by<\/em><\/p>\n\n\n\n<ul class=\"wp-block-list\"><li>defining work objects at regular meetings .<\/li><li>elaborating, living and bringing to life situations, approaches\u2026<\/li><li>organizing actions, meetings with partners\u2026 in connection with the national initiatives.<\/li><\/ul>\n\n\n\n<p><em>in<\/em><\/p>\n\n\n\n<ul class=\"wp-block-list\"><li>groups in regions.<\/li><li>nation al sectors: Plastic Arts ( research and creation ), Writing &amp; Poetry, Institut Henri Wallon,Languages, Maternelle, Philosophy, Sciences\u2026<\/li><\/ul>\n\n\n\n<p><em>With<\/em><\/p>\n\n\n\n<p>partners (trade unions, other associations and pedagogical movements \u2026) to assert that education, although linked to economic and social policies, cannot be subject to their injunctions.<br>GFEN is a member of the CAPE (Collectif des Associations Partenaires de l&rsquo;Ecole Publique )<\/p>\n","protected":false},"excerpt":{"rendered":"<p class=\"post-excerpt\">A Movement in HistoryThe new education prepares the child, not only the future citizen capable of fulfilling his duties to&#8230;<\/p>\n","protected":false},"author":5,"featured_media":117,"comment_status":"closed","ping_status":"open","sticky":false,"template":"","format":"standard","meta":{"footnotes":""},"categories":[5],"tags":[],"class_list":["post-208","post","type-post","status-publish","format-standard","has-post-thumbnail","hentry","category-participants"],"_links":{"self":[{"href":"https:\/\/sites.cemea.org\/capemob\/wp-json\/wp\/v2\/posts\/208","targetHints":{"allow":["GET"]}}],"collection":[{"href":"https:\/\/sites.cemea.org\/capemob\/wp-json\/wp\/v2\/posts"}],"about":[{"href":"https:\/\/sites.cemea.org\/capemob\/wp-json\/wp\/v2\/types\/post"}],"author":[{"embeddable":true,"href":"https:\/\/sites.cemea.org\/capemob\/wp-json\/wp\/v2\/users\/5"}],"replies":[{"embeddable":true,"href":"https:\/\/sites.cemea.org\/capemob\/wp-json\/wp\/v2\/comments?post=208"}],"version-history":[{"count":2,"href":"https:\/\/sites.cemea.org\/capemob\/wp-json\/wp\/v2\/posts\/208\/revisions"}],"predecessor-version":[{"id":210,"href":"https:\/\/sites.cemea.org\/capemob\/wp-json\/wp\/v2\/posts\/208\/revisions\/210"}],"wp:featuredmedia":[{"embeddable":true,"href":"https:\/\/sites.cemea.org\/capemob\/wp-json\/wp\/v2\/media\/117"}],"wp:attachment":[{"href":"https:\/\/sites.cemea.org\/capemob\/wp-json\/wp\/v2\/media?parent=208"}],"wp:term":[{"taxonomy":"category","embeddable":true,"href":"https:\/\/sites.cemea.org\/capemob\/wp-json\/wp\/v2\/categories?post=208"},{"taxonomy":"post_tag","embeddable":true,"href":"https:\/\/sites.cemea.org\/capemob\/wp-json\/wp\/v2\/tags?post=208"}],"curies":[{"name":"wp","href":"https:\/\/api.w.org\/{rel}","templated":true}]}}