{"id":1,"date":"2020-01-02T04:04:37","date_gmt":"2020-01-02T03:04:37","guid":{"rendered":"https:\/\/sites.cemea.org\/capemob\/?p=1"},"modified":"2020-02-12T21:17:23","modified_gmt":"2020-02-12T20:17:23","slug":"bonjour-tout-le-monde","status":"publish","type":"post","link":"https:\/\/sites.cemea.org\/capemob\/2020\/01\/02\/bonjour-tout-le-monde\/","title":{"rendered":"Le partenaire qui nous accueille"},"content":{"rendered":"<p><strong>PRESENTATION<\/strong><br \/>\nCr\u00e9\u00e9e en 1998, le Clube Interculturel Europ\u00e9en (CLUBE) est une association sans but lucratif travaillant dans les champs de la jeunesse, \u00e9ducation, formation et emploi. Nous le faisons sur 2 axes : \u00ab\u00a0capacitation\/formation\u00a0\u00bb et d\u00e9veloppement local. Nous avons comme objectif g\u00e9n\u00e9ral le d\u00e9veloppement de comp\u00e9tences personnelles, sociales, relationnelles, civiques et professionnelles dans les personnes en g\u00e9n\u00e9ral. Notre objectif plus sp\u00e9cifique est celui de promouvoir la participation, l\u2019empowerment et l\u2019inclusion sociale des enfants, jeunes et<br \/>\nadultes en situations vuln\u00e9rables, en valorisant leur potentiel, en utilisant ce potentiel comme une ressource\/un instrument pour le changement au sein de la communaut\u00e9 et de la soci\u00e9t\u00e9.<br \/>\n<strong>PROJETS :<\/strong><br \/>\n<strong>Projets d&rsquo;intervention locale<\/strong> : NB &#8211; Dans les projets BIP\/ZIP la Mairie de Lisbonne oblige chaque consortium \u00e0 maintenir une certaine intervention de continuit\u00e9 (sans financement) au moins 2 ans apr\u00e8s la fin de la phase d&rsquo;ex\u00e9cution (1\u00e8re ann\u00e9e).<br \/>\n<span style=\"color: #ff0000\">Centre de D\u00e9veloppement Local de Base Communautaire <\/span>(2020-2022) &#8211; Activit\u00e9s : soutien scolaire, cursus d\u2019alphab\u00e9tisation, aide aux familles, inclusion digitale, activit\u00e9s de loisirs, activit\u00e9s artistiques, activit\u00e9s interculturelles, projets de d\u00e9veloppement de comp\u00e9tences, travail communautaire, sorties, assembl\u00e9es d&rsquo;habitants&#8230; Ce projet comprend une \u00e9quipe sp\u00e9cialis\u00e9e de proximit\u00e9 qui peut ainsi accentuer le travail social en direction des familles. Financeur : Mairie de Lisbonne.<br \/>\n<span style=\"color: #ff0000\">Espace C3<\/span> (2016-&#8230;) &#8211; Nous avons construit l&rsquo;Espace C3 dans un quartier d&rsquo;intervention prioritaire de l&rsquo;arrondissement de Beato \u00e0 Lisbonne. Il comprend un espace de coworking, un espace jeune et une salle de formation. Il accueille aujourd&rsquo;hui des institutions et petites entreprises. Projet BIP\/ZIP.<br \/>\n<span style=\"color: #ff0000\">Projet Roteiro Emprega<\/span> (2017-2020) &#8211; Ce projet formation\/employabilit\u00e9 se d\u00e9roule dans des quartiers sociaux d&rsquo;intervention prioritaire situ\u00e9s dans les arrondissements de : Beato, Penha de Fran\u00e7a et Areeiro \u00e0 Lisbonne. L&rsquo;intervention se fait avec une unit\u00e9 mobile (minibus \u00e9quip\u00e9 qui se d\u00e9place dans les quartiers). Projet BIP\/ZIP.<br \/>\n<span style=\"color: #ff0000\">Gera\u00e7\u00e3o com Futuro<\/span> (2018-2021)<br \/>\nProjet local visant \u00e0 r\u00e9pondre aux besoins de la population d\u00e9favoris\u00e9e du quartier social Quinta do Lavrado \/ Lisbonne. Il consiste \u00e0 organiser des activit\u00e9s pour les enfants, les jeunes, les familles et les personnes \u00e2g\u00e9es par le biais d\u2019un soutien scolaire, de services sociaux, des activit\u00e9s sportives\/tournois de jeux traditionnels. Le projet est coordonn\u00e9 par l&rsquo;association de r\u00e9sidents Gera\u00e7\u00e3o com Futuro. Projet BIP\/ZIP.<br \/>\n<span style=\"color: #ff0000\">Espa\u00e7o Comunit\u00e1rio Paz, Amizade e Cores<\/span> (2019-2022)<br \/>\nCr\u00e9ation d&rsquo;un espace communautaire dans le quartier social Portugal Novo. Promouvoir la coh\u00e9sion sociale, le sentiment d&rsquo;appartenance, les relations de voisinage et la visibilit\u00e9 positive; Renforcer l&rsquo;association, le groupe communautaire et le consortium de projet. Projet BIP\/ZIP coordonn\u00e9 par l\u2019association de r\u00e9sidents Portugal Novo.<br \/>\n<span style=\"color: #ff0000\">3G Viver Melhor no Beato<\/span> (2019-2022)<br \/>\nRenforcer la participation et la repr\u00e9sentation des a\u00een\u00e9s dans la communaut\u00e9 du quartier Carlos Botelho; am\u00e9liorer la qualit\u00e9 de vie des personnes \u00e2g\u00e9es et promouvoir des actions de sant\u00e9 pour les personnes \u00e2g\u00e9es et les enfants ; Combattre l&rsquo;isolement et promouvoir les activit\u00e9s interg\u00e9n\u00e9rationnelles. Projet BIP\/ZIP coordonn\u00e9 par l\u2019association de r\u00e9sidents Viver Melhor no Beato.<br \/>\n<span style=\"color: #ff0000\">Projet PA-REDES<\/span> (2016-2018) &#8211; dans le domaine de l&rsquo;inclusion par l&rsquo;art, nous avons lanc\u00e9 un projet financ\u00e9 pendant 2 ans. Buts: promouvoir l&rsquo;approche de l&rsquo;art (\u00ab\u00a0street art\u00a0\u00bb) dans les milieux les plus pauvres et son utilisation comme un outil d&rsquo;insertion ; favoriser l&rsquo;autonomisation et le d\u00e9veloppement (social, \u00e9conomique, esth\u00e9tique et communautaire) des territoires sur lesquels on travaille ; comp\u00e9tences personnelles, sociales et artistiques des r\u00e9sidents de ces quartiers l\u00e0. Financeur initial : programme PARTIS de la Fondation Calouste Gulbenkian.<br \/>\n<span style=\"color: #ff0000\">Costas da Cidade<\/span> (2018-&#8230;)<br \/>\n\u00c0 la suite du projet PA-REDES, les habitants se sont&nbsp; mobilis\u00e9s pour cr\u00e9er un parcours qui montre les cultures et les diff\u00e9rents modes de vie dans la soci\u00e9t\u00e9 qui nous entoure. Avec la promotion du CLUBE et en partenariat avec d&rsquo;autres associations, nous proposons des visites guid\u00e9es (les guides sont pay\u00e9s) dans les anciens bidonvilles de Curraleira et Casal do Pinto. Ce projet n&rsquo;est pas financ\u00e9.<br \/>\n<strong>Projets d&rsquo;intervention locale avec liaisons internationales<\/strong> :<br \/>\n<span style=\"color: #ff0000\">Projet BLUE GENERATION<\/span> (2018-2022) &#8211; La demande d&#8217;emploi dans l&rsquo;\u00e9conomie bleue doublera d&rsquo;ici 2030, mais on constate que les jeunes ne sont pas attir\u00e9s par les carri\u00e8res maritimes et les entreprises maritimes ne parviennent pas \u00e0 trouver la main-d&rsquo;\u0153uvre, les comp\u00e9tences et les profils requis. En revanche, l\u2019UE compte 4,6 millions de jeunes sans emploi, 6,6 millions de NEET (qui ne sont ni \u00e0 l&rsquo;\u00e9cole, ni en formation, ni au travail) dans la tranche d\u2019\u00e2ge des 15 et 24 ans et 7,4 millions de jeunes de 25 \u00e0 29 ans qui rencontrent de grandes difficult\u00e9s pour entrer sur le march\u00e9 du travail. Ce projet a pour objectif d\u2019inspirer et d\u2019engager les jeunes NEET ou sur le point de le devenir, \u00e2g\u00e9s de 15 \u00e0 29 ans, d\u2019envisager et de poursuivre une carri\u00e8re durable et de nouvelles opportunit\u00e9s dans l\u2019un des domaines de croissance de l\u2019\u00e9conomie bleue : le tourisme c\u00f4tier, aquaculture, \u00e9nergie oc\u00e9anique, biotechnologie marine et transport maritime. Financeur : EEA GRANTS (Norv\u00e8ge, Liechtenstein, Islande).<br \/>\n<span style=\"color: #ff0000\">Projet STAR &#8211; STreet ARt<\/span> (2019-2021)<br \/>\nCe projet contribue \u00e0 la r\u00e9g\u00e9n\u00e9ration des zones d\u00e9prim\u00e9es et abandonn\u00e9es des villes europ\u00e9ennes impliqu\u00e9es, en utilisant le pouvoir de l&rsquo;art urbain pour g\u00e9n\u00e9rer l&rsquo;identit\u00e9 locale, l&rsquo;inclusion sociale et la citoyennet\u00e9 active. Les villes participantes (Amsterdam, Arcugnano en Italie, Lisbonne) s&rsquo;engagent \u00e0 \u00e9changer des r\u00e9sultats positifs sur l&rsquo;utilisation de l&rsquo;art urbain, mais \u00e9galement sur la mani\u00e8re d&rsquo;impliquer les communaut\u00e9s pour la revitalisation des espaces publics, cr\u00e9ant ainsi un impact multiplicateur. Financ\u00e9 par le programme Europe pour les Citoyens (UE).<br \/>\n<span style=\"color: #ff0000\">Projet NEver TOO LAte<\/span> (NEw TOOLs for basic Learning in Adult age) (2019-2021) Mettre en \u0153uvre et renforcer les strat\u00e9gies de sensibilisation, d\u2019orientation et de motivation des jeunes NEET pour qu\u2019ils suivent des cours de base ; Encourager les personnes moins qualifi\u00e9es \u00e0 am\u00e9liorer et\/ou d\u00e9velopper leurs comp\u00e9tences linguistiques, math\u00e9matiques et num\u00e9riques, ainsi que d\u2019autres comp\u00e9tences sociales, civiques, etc. essentielles ; Accro\u00eetre la capacit\u00e9 des formateurs d\u2019am\u00e9liorer les comp\u00e9tences du public cible, condition pr\u00e9alable \u00e0 leur \u00ab\u00a0capacit\u00e9 \u00e0 apprendre\u00a0\u00bb. Financ\u00e9 par Erasmus+ KA2 &#8211; Partenariats strat\u00e9giques.<br \/>\n<span style=\"color: #ff0000\">Projet GAMES AS TOOL FOR SOCIAL CHANGE<\/span> (2019-2020) L\u2019objectif est d\u2019atteindre principalement le march\u00e9 du travail des jeunes, en introduisant de nouveaux concepts et m\u00e9thodes de travail, en mettant l\u2019accent sur le jeu et la cr\u00e9ation de jeux en tant qu\u2019outil d\u2019\u00e9ducation non formelle. Cette initiative vise \u00e0 faciliter l&rsquo;\u00e9change de bonnes pratiques entre les organisations impliqu\u00e9es en Pologne, en Turquie, en Gr\u00e8ce, au Portugal et en Tch\u00e9quie. Financ\u00e9 par Erasmus+ KA2 &#8211; Partenariats strat\u00e9giques.<br \/>\n<span style=\"color: #ff0000\">Projet VALITS 2.0<\/span> (VALidating Informal and Transversal Skills for Disadvantaged Persons) (2019-2022) Am\u00e9liorer les comp\u00e9tences informelles et non formelles et aider les groupes d\u00e9favoris\u00e9s (y compris les adultes peu qualifi\u00e9s et les migrants) \u00e0 combler leurs lacunes en comp\u00e9tences par le biais d&rsquo;une formation appropri\u00e9e. D\u00e9velopper un outil int\u00e9ressant et amusant \/ inspirateur pour \u00e9valuer les comp\u00e9tences transversales informelles. Former des professionnels pour travailler avec ces publics. Financ\u00e9 par Erasmus+ KA2 &#8211; Partenariats strat\u00e9giques.<br \/>\n<strong>Mobilit\u00e9s europ\u00e9ennes \u00e0 des fins d\u2019apprentissage<\/strong><br \/>\nNous organisons en partenariat avec d\u2019autres organisations, des formations europ\u00e9ennes dans les domaines de l\u2019animation, travail socio-\u00e9ducatif avec les jeunes (travail de jeunesse), p\u00e9dagogies et intervention sociale, dialogue interculturel, inclusion sociale, participation, entre autres th\u00e8mes, destin\u00e9es essentiellement \u00e0 des travailleurs dans le champs de l\u2019\u00e9ducation, de la jeunesse et du social.<br \/>\nNous organisons ou co-organisons des \u00e9changes europ\u00e9ens de jeunes, des s\u00e9jours solidaires et de vacances.<br \/>\nNous organisons aussi des missions d&rsquo;\u00e9tude pour des professionnels sur des sujets li\u00e9s \u00e0 l&rsquo;\u00e9ducation, social, sant\u00e9&#8230; Nous avons accueilli : maires, responsables de Missions Locales, responsables de Centres Sociaux, etc.<br \/>\nNous sommes soit une organisation d\u2019accueil pour quelques personnes ou une organisation interm\u00e9diaire (quand nous pla\u00e7ons les stagiaires aupr\u00e8s de partenaires). Chaque ann\u00e9e nous accueillons plus de 500 jeunes et adultes avec le soutien financier du Programme Erasmus+. Nous assurons leur pr\u00e9paration p\u00e9dagogique, culturelle et linguistique, ainsi que le suivi de ces stages.<br \/>\nNous sommes \u00e9galement organisme accr\u00e9dit\u00e9 pour la coordination (envoi et accueil) de volontaires \u00e0 travers le Service Volontaire Europ\u00e9en \/ Corps Europ\u00e9en de Solidarit\u00e9.<br \/>\n<strong>\u00c0 diff\u00e9rents niveaux nous sommes membres de<\/strong> :<br \/>\n<span style=\"color: #ff0000\">Au niveau local<\/span> : Commission Sociale de Quartier, Conseil Municipal de la Jeunesse, Conseil Municipal de l\u2019Interculturalit\u00e9 et de la Citoyennet\u00e9, R\u00e9seau de D\u00e9veloppement Local de Base Communautaire.<br \/>\n<span style=\"color: #ff0000\">Au niveau international<\/span> : nous int\u00e9grons l&rsquo;ALDA (Agence Europ\u00e9enne pour la D\u00e9mocratie Locale), la FICEMEA (F\u00e9d\u00e9ration Internationale des Centres d&rsquo;Entra\u00eenement aux M\u00e9thodes d&rsquo;Education Active) et le R\u00c9SEAU Jeunes, In\u00e9galit\u00e9s Sociales et P\u00e9riph\u00e9ries.<br \/>\n<span style=\"color: #ff0000\">Contacts<\/span>:<br \/>\n<span style=\"color: #ff0000\">Site<\/span> : http:\/\/clubeinterculturaleuropeu.wordpress.com\/<br \/>\n<span style=\"color: #ff0000\">WEB radio du Clube<\/span> : https:\/\/clubeinterculturaleuropeu.wordpress.com\/category\/a-radio-do-clube\/<br \/>\n<span style=\"color: #ff0000\">&nbsp;<\/span> : Clube Intercultural Europeu Mail : info@clubeinterculturaleuropeu.org<\/p>\n","protected":false},"excerpt":{"rendered":"<p class=\"post-excerpt\">PRESENTATION Cr\u00e9\u00e9e en 1998, le Clube Interculturel Europ\u00e9en (CLUBE) est une association sans but lucratif travaillant dans les champs de&#8230;<\/p>\n","protected":false},"author":1,"featured_media":167,"comment_status":"closed","ping_status":"closed","sticky":false,"template":"","format":"standard","meta":{"footnotes":""},"categories":[2,4,5],"tags":[],"class_list":["post-1","post","type-post","status-publish","format-standard","has-post-thumbnail","hentry","category-au-jour-le-jour","category-projet","category-participants"],"_links":{"self":[{"href":"https:\/\/sites.cemea.org\/capemob\/wp-json\/wp\/v2\/posts\/1","targetHints":{"allow":["GET"]}}],"collection":[{"href":"https:\/\/sites.cemea.org\/capemob\/wp-json\/wp\/v2\/posts"}],"about":[{"href":"https:\/\/sites.cemea.org\/capemob\/wp-json\/wp\/v2\/types\/post"}],"author":[{"embeddable":true,"href":"https:\/\/sites.cemea.org\/capemob\/wp-json\/wp\/v2\/users\/1"}],"replies":[{"embeddable":true,"href":"https:\/\/sites.cemea.org\/capemob\/wp-json\/wp\/v2\/comments?post=1"}],"version-history":[{"count":5,"href":"https:\/\/sites.cemea.org\/capemob\/wp-json\/wp\/v2\/posts\/1\/revisions"}],"predecessor-version":[{"id":174,"href":"https:\/\/sites.cemea.org\/capemob\/wp-json\/wp\/v2\/posts\/1\/revisions\/174"}],"wp:featuredmedia":[{"embeddable":true,"href":"https:\/\/sites.cemea.org\/capemob\/wp-json\/wp\/v2\/media\/167"}],"wp:attachment":[{"href":"https:\/\/sites.cemea.org\/capemob\/wp-json\/wp\/v2\/media?parent=1"}],"wp:term":[{"taxonomy":"category","embeddable":true,"href":"https:\/\/sites.cemea.org\/capemob\/wp-json\/wp\/v2\/categories?post=1"},{"taxonomy":"post_tag","embeddable":true,"href":"https:\/\/sites.cemea.org\/capemob\/wp-json\/wp\/v2\/tags?post=1"}],"curies":[{"name":"wp","href":"https:\/\/api.w.org\/{rel}","templated":true}]}}